{"id":509,"date":"2026-08-21T17:03:21","date_gmt":"2026-08-21T15:03:21","guid":{"rendered":"https:\/\/bottnafjordenssamhallsforening.se\/beresam\/?p=509"},"modified":"2026-08-25T12:33:19","modified_gmt":"2026-08-25T10:33:19","slug":"22-9-samhallets-beredskap-oppen-traff-tillsammans-med-kommunerna","status":"publish","type":"post","link":"https:\/\/bottnafjordenssamhallsforening.se\/beresam\/22-9-samhallets-beredskap-oppen-traff-tillsammans-med-kommunerna\/","title":{"rendered":"22\/9 samh\u00e4llets beredskap &#8211; \u00f6ppen tr\u00e4ff tillsammans med kommunerna"},"content":{"rendered":"\n<p class=\"has-large-font-size wp-block-paragraph\"><strong>I samband med den nationella beredskapsveckan bjuder vi tillsammans med kommunerna in till en \u00f6ppen tr\u00e4ff om kommunernas beredskapsarbete<\/strong> <strong>kl. 17.30 i <a href=\"https:\/\/maps.app.goo.gl\/sTfyND2UmE6stJs86\" target=\"_blank\" rel=\"noopener\">Bovallstrands f\u00f6rsamlingshem<\/a>.<\/strong><\/p>\n\n\n\n<p class=\"wp-block-paragraph\">Vid den h\u00e4r tr\u00e4ffen f\u00e5r du m\u00f6ta representanter fr\u00e5n kommunerna runt Bottnafjorden &#8211; Munkedal, Soten\u00e4s och Tanum, som ber\u00e4ttar om sitt arbete med beredskap, vatten och livsmedelsf\u00f6rs\u00f6rjning.<\/p>\n\n\n\n<ol class=\"wp-block-list\">\n<li>Hur planerar samh\u00e4llet inf\u00f6r olika typer av kriser?<\/li>\n\n\n\n<li>Vilket ansvar har kommunen \u2013 och vilket ansvar ligger p\u00e5 oss som inv\u00e5nare<\/li>\n\n\n\n<li>Och hur h\u00e4nger den lokala niv\u00e5n ihop med det st\u00f6rre systemet?<\/li>\n<\/ol>\n\n\n\n<p class=\"wp-block-paragraph\">Det finns ocks\u00e5 gott om utrymme f\u00f6r fr\u00e5gor.<\/p>\n\n\n\n<p class=\"wp-block-paragraph\">Dag: <strong>tisdag den 22 september<\/strong><\/p>\n\n\n\n<p class=\"wp-block-paragraph\">Tid: <strong>17.30\u201320.30<\/strong><\/p>\n\n\n\n<p class=\"has-tiny-font-size wp-block-paragraph\">17.30 V\u00e4lkommen och inledning<\/p>\n\n\n\n<p class=\"has-tiny-font-size wp-block-paragraph\">18.00 Beredskap och kommunikation \u2013 Tanums kommun (Marcus Stax\u00e4ng)<\/p>\n\n\n\n<p class=\"has-tiny-font-size wp-block-paragraph\">18.25 Kort paus<\/p>\n\n\n\n<p class=\"has-tiny-font-size wp-block-paragraph\">18.35 VA och vatten \u2013 Soten\u00e4s kommun (Kenneth \u00d6hman och Sofia Quant)<\/p>\n\n\n\n<p class=\"has-tiny-font-size wp-block-paragraph\">19.00 Livsmedelsberedskap \u2013 Munkedals kommun (Magnus Eriksson)<\/p>\n\n\n\n<p class=\"has-tiny-font-size wp-block-paragraph\">19.25 Paus med fika<\/p>\n\n\n\n<p class=\"has-tiny-font-size wp-block-paragraph\">19.40 Panelsamtal<\/p>\n\n\n\n<p class=\"has-tiny-font-size wp-block-paragraph\">20.30 Avslut<\/p>\n\n\n\n<p class=\"wp-block-paragraph\">Plats: <strong><a href=\"https:\/\/maps.app.goo.gl\/sTfyND2UmE6stJs86\" target=\"_blank\" rel=\"noopener\">Bovallstrands f\u00f6rsamlingshem<\/a><\/strong><\/p>\n\n\n\n<p class=\"wp-block-paragraph\"><em>Deltagande \u00e4r gratis men anm\u00e4l dig i f\u00f6rv\u00e4g s\u00e5 vi kan planera fika med mera.<\/em><\/p>\n\n\n\n<p class=\"wp-block-paragraph\"><strong><a href=\"https:\/\/forms.gle\/2AUQj23Cipj3tELL8\" rel=\"noopener\" target=\"_blank\">Klicka h\u00e4r f\u00f6r att komma till anm\u00e4lningsformul\u00e4ret<\/a><\/strong><\/p>\n\n\n\n<p class=\"wp-block-paragraph\">Tips ocks\u00e5 grannar och v\u00e4nner.<\/p>\n\n\n\n<p class=\"wp-block-paragraph\"><strong>V\u00e4lkommen!<\/strong> Du beh\u00f6ver inte ha varit med p\u00e5 de tidigare tr\u00e4ffarna.<\/p>\n\n\n\n<p class=\"wp-block-paragraph\">***<\/p>\n\n\n\n<p class=\"has-tiny-font-size wp-block-paragraph\">Tidigare tr\u00e4ffar i den h\u00e4r serien av tre:<\/p>\n\n\n\n<p class=\"has-tiny-font-size wp-block-paragraph\"><strong><a href=\"https:\/\/bottnafjordenssamhallsforening.se\/beresam\/hur-klarar-vi-oss-hemma-vid-kris-aterblick-fran-beresam-traffen-10-maj\/\" target=\"_blank\" rel=\"noopener\">10 maj \u2013 Hur klarar vi oss hemma vid kris?<\/a><\/strong><\/p>\n\n\n\n<p class=\"has-tiny-font-size wp-block-paragraph\">16.00\u201318.00, Bovallstrands f\u00f6rsamlingshem<\/p>\n\n\n\n<p class=\"has-tiny-font-size wp-block-paragraph\">Fokus: Hush\u00e5llsniv\u00e5 \u2013 presentation av studie fr\u00e5n Bottnafjordsomr\u00e5det om hur hush\u00e5ll klarar sig vid kris, och samtal om vad vi sj\u00e4lva kan g\u00f6ra och vad som g\u00f6r skillnad i praktiken<\/p>\n\n\n\n<p class=\"has-tiny-font-size wp-block-paragraph\"><strong><a href=\"https:\/\/bottnafjordenssamhallsforening.se\/beresam\/lokala-resurser-i-fokus-nar-bottnafjorden-samlades-kring-beredskap\/\" target=\"_blank\" rel=\"noopener\">14 juni \u2013 Hur klarar vi oss tillsammans i bygden?<\/a><\/strong><\/p>\n\n\n\n<p class=\"has-tiny-font-size wp-block-paragraph\">16.00\u201318.00, Evja Folkets hus<\/p>\n\n\n\n<p class=\"has-tiny-font-size wp-block-paragraph\">Fokus: Lokal niv\u00e5 \u2013 resultat fr\u00e5n kartl\u00e4ggningen och samtal om hur vi kan anv\u00e4nda v\u00e5ra gemensamma resurser och st\u00f6tta varandra<\/p>\n","protected":false},"excerpt":{"rendered":"<p>I samband med den nationella beredskapsveckan bjuder vi tillsammans med kommunerna in till en \u00f6ppen tr\u00e4ff om kommunernas beredskapsarbete kl. 17.30 i Bovallstrands f\u00f6rsamlingshem. Vid den h\u00e4r tr\u00e4ffen f\u00e5r du m\u00f6ta representanter fr\u00e5n kommunerna runt Bottnafjorden &#8211; Munkedal, Soten\u00e4s och Tanum, som ber\u00e4ttar om sitt arbete med beredskap, vatten och livsmedelsf\u00f6rs\u00f6rjning. Det finns ocks\u00e5 gott [&hellip;]<\/p>\n","protected":false},"author":2,"featured_media":524,"comment_status":"closed","ping_status":"closed","sticky":false,"template":"","format":"standard","meta":{"footnotes":""},"categories":[1],"tags":[],"class_list":["post-509","post","type-post","status-publish","format-standard","has-post-thumbnail","hentry","category-okategoriserade"],"_links":{"self":[{"href":"https:\/\/bottnafjordenssamhallsforening.se\/beresam\/wp-json\/wp\/v2\/posts\/509","targetHints":{"allow":["GET"]}}],"collection":[{"href":"https:\/\/bottnafjordenssamhallsforening.se\/beresam\/wp-json\/wp\/v2\/posts"}],"about":[{"href":"https:\/\/bottnafjordenssamhallsforening.se\/beresam\/wp-json\/wp\/v2\/types\/post"}],"author":[{"embeddable":true,"href":"https:\/\/bottnafjordenssamhallsforening.se\/beresam\/wp-json\/wp\/v2\/users\/2"}],"replies":[{"embeddable":true,"href":"https:\/\/bottnafjordenssamhallsforening.se\/beresam\/wp-json\/wp\/v2\/comments?post=509"}],"version-history":[{"count":9,"href":"https:\/\/bottnafjordenssamhallsforening.se\/beresam\/wp-json\/wp\/v2\/posts\/509\/revisions"}],"predecessor-version":[{"id":523,"href":"https:\/\/bottnafjordenssamhallsforening.se\/beresam\/wp-json\/wp\/v2\/posts\/509\/revisions\/523"}],"wp:featuredmedia":[{"embeddable":true,"href":"https:\/\/bottnafjordenssamhallsforening.se\/beresam\/wp-json\/wp\/v2\/media\/524"}],"wp:attachment":[{"href":"https:\/\/bottnafjordenssamhallsforening.se\/beresam\/wp-json\/wp\/v2\/media?parent=509"}],"wp:term":[{"taxonomy":"category","embeddable":true,"href":"https:\/\/bottnafjordenssamhallsforening.se\/beresam\/wp-json\/wp\/v2\/categories?post=509"},{"taxonomy":"post_tag","embeddable":true,"href":"https:\/\/bottnafjordenssamhallsforening.se\/beresam\/wp-json\/wp\/v2\/tags?post=509"}],"curies":[{"name":"wp","href":"https:\/\/api.w.org\/{rel}","templated":true}]}}