{"id":506,"date":"2026-08-17T12:03:54","date_gmt":"2026-08-17T10:03:54","guid":{"rendered":"https:\/\/bottnafjordenssamhallsforening.se\/beresam\/?p=506"},"modified":"2026-08-21T17:26:04","modified_gmt":"2026-08-21T15:26:04","slug":"beresam-fortsatter-nu-gar-vi-in-i-fas-2","status":"publish","type":"post","link":"https:\/\/bottnafjordenssamhallsforening.se\/beresam\/beresam-fortsatter-nu-gar-vi-in-i-fas-2\/","title":{"rendered":"BeReSam forts\u00e4tter \u2013 nu g\u00e5r vi in i fas 2"},"content":{"rendered":"\n<p class=\"wp-block-paragraph\">Efter v\u00e5rens tr\u00e4ffar, samtal och kartl\u00e4ggning drar BeReSam ig\u00e5ng igen efter sommaren. Nu g\u00e5r projektet vidare in i fas 2.<\/p>\n\n\n\n<p class=\"wp-block-paragraph\">Under v\u00e5ren har vi tr\u00e4ffat m\u00e4nniskor runt Bottnafjorden och pratat om vad som finns h\u00e4r som kan vara viktigt om samh\u00e4llet uts\u00e4tts f\u00f6r st\u00f6rningar \u2013 till exempel vatten, mat, lokaler, kunskap, f\u00f6reningar och m\u00e4nniskor som kan hj\u00e4lpa till. Vi har ocks\u00e5 pratat om s\u00e5dant som kan g\u00f6ra oss s\u00e5rbara och om fr\u00e5gor d\u00e4r vi beh\u00f6ver veta mer.<\/p>\n\n\n\n<p class=\"wp-block-paragraph\">Nu ska vi titta n\u00e4rmare p\u00e5 allt det som kommit fram. <strong>Vad \u00e4r viktigast att jobba vidare med? Vad kan vi faktiskt g\u00f6ra h\u00e4r i omr\u00e5det f\u00f6r att st\u00e5 lite b\u00e4ttre rustade?<\/strong><\/p>\n\n\n\n<p class=\"wp-block-paragraph\">Det betyder att vi inte har en f\u00e4rdig lista med \u00e5tg\u00e4rder. En viktig del av h\u00f6stens arbete blir att tillsammans f\u00f6rs\u00f6ka ringa in vad som \u00e4r mest relevant och m\u00f6jligt att g\u00e5 vidare med. Det kan handla om allt fr\u00e5n vatten och mat till hur vi organiserar oss och hj\u00e4lper varandra n\u00e4r n\u00e5got h\u00e4nder.<\/p>\n\n\n\n<p class=\"wp-block-paragraph\">I fas 2 blir <strong><a href=\"https:\/\/www.tanum.se\" target=\"_blank\" rel=\"noreferrer noopener\">Tanums kommun<\/a> projekt\u00e4gare<\/strong> och tar hand om den formella och ekonomiska delen av projektet. Men det \u00e4r fortfarande <strong>Bottnafjordens Samh\u00e4llsf\u00f6rening som genomf\u00f6r projektet och driver arbetet vidare h\u00e4r i omr\u00e5det<\/strong>.<\/p>\n\n\n\n<p class=\"wp-block-paragraph\">Fram\u00f6ver blir det fler samtal och tr\u00e4ffar, kunskapstillf\u00e4llen och studiebes\u00f6k. <\/p>\n\n\n\n<p class=\"wp-block-paragraph\">F\u00f6rst ut \u00e4r den <a href=\"https:\/\/bottnafjordenssamhallsforening.se\/beresam\/22-9-samhallets-beredskap-oppen-traff-tillsammans-med-kommunerna\/\" target=\"_blank\" rel=\"noopener\">\u00f6ppna tr\u00e4ffen den 22 september <\/a>d\u00e4r kommunerna presenterar sitt arbete med beredskap, livsmedel och vatten. V\u00e4lkommen! Anm\u00e4l dig h\u00e4r: <a href=\"https:\/\/forms.gle\/wzTFieA6LJYETLK97\">22 september &#8211; Hur arbetar samh\u00e4llet med beredskap?<\/a><\/p>\n\n\n\n<p class=\"wp-block-paragraph\">Vi ber\u00e4ttar mer efter hand!<\/p>\n","protected":false},"excerpt":{"rendered":"<p>Efter v\u00e5rens tr\u00e4ffar, samtal och kartl\u00e4ggning drar BeReSam ig\u00e5ng igen efter sommaren. Nu g\u00e5r projektet vidare in i fas 2. Under v\u00e5ren har vi tr\u00e4ffat m\u00e4nniskor runt Bottnafjorden och pratat om vad som finns h\u00e4r som kan vara viktigt om samh\u00e4llet uts\u00e4tts f\u00f6r st\u00f6rningar \u2013 till exempel vatten, mat, lokaler, kunskap, f\u00f6reningar och m\u00e4nniskor som [&hellip;]<\/p>\n","protected":false},"author":2,"featured_media":507,"comment_status":"closed","ping_status":"closed","sticky":false,"template":"","format":"standard","meta":{"footnotes":""},"categories":[1],"tags":[],"class_list":["post-506","post","type-post","status-publish","format-standard","has-post-thumbnail","hentry","category-okategoriserade"],"_links":{"self":[{"href":"https:\/\/bottnafjordenssamhallsforening.se\/beresam\/wp-json\/wp\/v2\/posts\/506","targetHints":{"allow":["GET"]}}],"collection":[{"href":"https:\/\/bottnafjordenssamhallsforening.se\/beresam\/wp-json\/wp\/v2\/posts"}],"about":[{"href":"https:\/\/bottnafjordenssamhallsforening.se\/beresam\/wp-json\/wp\/v2\/types\/post"}],"author":[{"embeddable":true,"href":"https:\/\/bottnafjordenssamhallsforening.se\/beresam\/wp-json\/wp\/v2\/users\/2"}],"replies":[{"embeddable":true,"href":"https:\/\/bottnafjordenssamhallsforening.se\/beresam\/wp-json\/wp\/v2\/comments?post=506"}],"version-history":[{"count":3,"href":"https:\/\/bottnafjordenssamhallsforening.se\/beresam\/wp-json\/wp\/v2\/posts\/506\/revisions"}],"predecessor-version":[{"id":518,"href":"https:\/\/bottnafjordenssamhallsforening.se\/beresam\/wp-json\/wp\/v2\/posts\/506\/revisions\/518"}],"wp:featuredmedia":[{"embeddable":true,"href":"https:\/\/bottnafjordenssamhallsforening.se\/beresam\/wp-json\/wp\/v2\/media\/507"}],"wp:attachment":[{"href":"https:\/\/bottnafjordenssamhallsforening.se\/beresam\/wp-json\/wp\/v2\/media?parent=506"}],"wp:term":[{"taxonomy":"category","embeddable":true,"href":"https:\/\/bottnafjordenssamhallsforening.se\/beresam\/wp-json\/wp\/v2\/categories?post=506"},{"taxonomy":"post_tag","embeddable":true,"href":"https:\/\/bottnafjordenssamhallsforening.se\/beresam\/wp-json\/wp\/v2\/tags?post=506"}],"curies":[{"name":"wp","href":"https:\/\/api.w.org\/{rel}","templated":true}]}}