{"id":493,"date":"2026-07-27T21:04:18","date_gmt":"2026-07-27T19:04:18","guid":{"rendered":"https:\/\/bottnafjordenssamhallsforening.se\/beresam\/?p=493"},"modified":"2026-08-05T10:03:15","modified_gmt":"2026-08-05T08:03:15","slug":"poddavsnitt-2-kristoffer-och-johanna-wiberg-pa-bergs-gard","status":"publish","type":"post","link":"https:\/\/bottnafjordenssamhallsforening.se\/beresam\/poddavsnitt-2-kristoffer-och-johanna-wiberg-pa-bergs-gard\/","title":{"rendered":"Poddavsnitt 2 &#8211; Kristoffer och Johanna Wiberg p\u00e5 Bergs G\u00e5rd"},"content":{"rendered":"\n<p class=\"wp-block-paragraph\"><strong>Andra avsnittet<\/strong>: En levande lantg\u00e5rd med m\u00e5nga str\u00e4ngar p\u00e5 lyran.<\/p>\n\n\n\n<p class=\"wp-block-paragraph\">I det h\u00e4r avsnittet m\u00f6ter vi Kristoffer och Johanna Wiberg p\u00e5 Bergs G\u00e5rd. Ett m\u00e5ngbruk mellan Tossene och \u00c4vja i Soten\u00e4s kommun.<\/p>\n\n\n\n<figure class=\"wp-block-audio\"><audio controls src=\"https:\/\/bottnafjordenssamhallsforening.se\/beresam\/wp-content\/uploads\/2026\/06\/Bergsgard-klar.mp3\"><\/audio><\/figure>\n\n\n\n<hr class=\"wp-block-separator has-alpha-channel-opacity\"\/>\n\n\n\n<div class=\"wp-block-group has-tertiary-background-color has-background has-global-padding is-layout-constrained wp-container-core-group-is-layout-50937232 wp-block-group-is-layout-constrained\" style=\"padding-top:var(--wp--preset--spacing--30);padding-right:var(--wp--preset--spacing--30);padding-bottom:var(--wp--preset--spacing--30);padding-left:var(--wp--preset--spacing--30)\">\n<h4 class=\"wp-block-heading\">Vidare information utifr\u00e5n samtalet<\/h4>\n\n\n\n<p class=\"wp-block-paragraph\">L\u00e4s och se mer av Kristoffer och Johannas g\u00e5rd h\u00e4r: <a href=\"https:\/\/bergsfarm.se\/\"><strong>Bergsfarm<\/strong><\/a><em>.<\/em><\/p>\n<\/div>\n\n\n\n<figure class=\"wp-block-image size-full\"><img loading=\"lazy\" decoding=\"async\" width=\"2560\" height=\"1927\" src=\"https:\/\/bottnafjordenssamhallsforening.se\/beresam\/wp-content\/uploads\/2026\/06\/Bergsgard-scaled.jpg\" alt=\"\" class=\"wp-image-495\" srcset=\"https:\/\/bottnafjordenssamhallsforening.se\/beresam\/wp-content\/uploads\/2026\/06\/Bergsgard-scaled.jpg 2560w, https:\/\/bottnafjordenssamhallsforening.se\/beresam\/wp-content\/uploads\/2026\/06\/Bergsgard-300x226.jpg 300w, https:\/\/bottnafjordenssamhallsforening.se\/beresam\/wp-content\/uploads\/2026\/06\/Bergsgard-1024x771.jpg 1024w, https:\/\/bottnafjordenssamhallsforening.se\/beresam\/wp-content\/uploads\/2026\/06\/Bergsgard-768x578.jpg 768w, https:\/\/bottnafjordenssamhallsforening.se\/beresam\/wp-content\/uploads\/2026\/06\/Bergsgard-1536x1156.jpg 1536w, https:\/\/bottnafjordenssamhallsforening.se\/beresam\/wp-content\/uploads\/2026\/06\/Bergsgard-2048x1541.jpg 2048w\" sizes=\"auto, (max-width: 2560px) 100vw, 2560px\" \/><figcaption class=\"wp-element-caption\">Kristoffer Wiberg och Marcus Nordgren p\u00e5 Bergs G\u00e5rd den 9 juni 2026<\/figcaption><\/figure>\n\n\n\n<p class=\"wp-block-paragraph\">Musiken i podden \u00e4r av och med Erik Andersson<\/p>\n","protected":false},"excerpt":{"rendered":"<p>Andra avsnittet: En levande lantg\u00e5rd med m\u00e5nga str\u00e4ngar p\u00e5 lyran. I det h\u00e4r avsnittet m\u00f6ter vi Kristoffer och Johanna Wiberg p\u00e5 Bergs G\u00e5rd. Ett m\u00e5ngbruk mellan Tossene och \u00c4vja i Soten\u00e4s kommun. Vidare information utifr\u00e5n samtalet L\u00e4s och se mer av Kristoffer och Johannas g\u00e5rd h\u00e4r: Bergsfarm. Musiken i podden \u00e4r av och med Erik [&hellip;]<\/p>\n","protected":false},"author":1,"featured_media":497,"comment_status":"closed","ping_status":"closed","sticky":false,"template":"","format":"standard","meta":{"footnotes":""},"categories":[9],"tags":[],"class_list":["post-493","post","type-post","status-publish","format-standard","has-post-thumbnail","hentry","category-podd"],"_links":{"self":[{"href":"https:\/\/bottnafjordenssamhallsforening.se\/beresam\/wp-json\/wp\/v2\/posts\/493","targetHints":{"allow":["GET"]}}],"collection":[{"href":"https:\/\/bottnafjordenssamhallsforening.se\/beresam\/wp-json\/wp\/v2\/posts"}],"about":[{"href":"https:\/\/bottnafjordenssamhallsforening.se\/beresam\/wp-json\/wp\/v2\/types\/post"}],"author":[{"embeddable":true,"href":"https:\/\/bottnafjordenssamhallsforening.se\/beresam\/wp-json\/wp\/v2\/users\/1"}],"replies":[{"embeddable":true,"href":"https:\/\/bottnafjordenssamhallsforening.se\/beresam\/wp-json\/wp\/v2\/comments?post=493"}],"version-history":[{"count":3,"href":"https:\/\/bottnafjordenssamhallsforening.se\/beresam\/wp-json\/wp\/v2\/posts\/493\/revisions"}],"predecessor-version":[{"id":502,"href":"https:\/\/bottnafjordenssamhallsforening.se\/beresam\/wp-json\/wp\/v2\/posts\/493\/revisions\/502"}],"wp:featuredmedia":[{"embeddable":true,"href":"https:\/\/bottnafjordenssamhallsforening.se\/beresam\/wp-json\/wp\/v2\/media\/497"}],"wp:attachment":[{"href":"https:\/\/bottnafjordenssamhallsforening.se\/beresam\/wp-json\/wp\/v2\/media?parent=493"}],"wp:term":[{"taxonomy":"category","embeddable":true,"href":"https:\/\/bottnafjordenssamhallsforening.se\/beresam\/wp-json\/wp\/v2\/categories?post=493"},{"taxonomy":"post_tag","embeddable":true,"href":"https:\/\/bottnafjordenssamhallsforening.se\/beresam\/wp-json\/wp\/v2\/tags?post=493"}],"curies":[{"name":"wp","href":"https:\/\/api.w.org\/{rel}","templated":true}]}}