{"id":429,"date":"2026-06-16T19:06:54","date_gmt":"2026-06-16T17:06:54","guid":{"rendered":"https:\/\/bottnafjordenssamhallsforening.se\/beresam\/?p=429"},"modified":"2026-06-16T21:51:52","modified_gmt":"2026-06-16T19:51:52","slug":"lokala-resurser-i-fokus-nar-bottnafjorden-samlades-kring-beredskap","status":"publish","type":"post","link":"https:\/\/bottnafjordenssamhallsforening.se\/beresam\/lokala-resurser-i-fokus-nar-bottnafjorden-samlades-kring-beredskap\/","title":{"rendered":"Lokala resurser i fokus n\u00e4r Bottnafjorden samlades kring beredskap"},"content":{"rendered":"\n<p class=\"wp-block-paragraph\">Hur ser egentligen den lokala beredskapen ut runt Bottnafjorden? Och vilka resurser finns redan omkring oss?<\/p>\n\n\n\n<p class=\"wp-block-paragraph\">Det var n\u00e5gra av fr\u00e5gorna n\u00e4r vi den 14 juni samlades i Evja Folkets hus f\u00f6r tr\u00e4ffen <strong>&#8220;Hur klarar vi oss tillsammans i bygden?&#8221;<\/strong>.<\/p>\n\n\n\n<p class=\"wp-block-paragraph\">Under v\u00e5ren har projektet genomf\u00f6rt fem kartl\u00e4ggningstr\u00e4ffar d\u00e4r fr\u00e5gor kring vattenf\u00f6rs\u00f6rjning, livsmedelsf\u00f6rs\u00f6rjning och andra lokala resurser har unders\u00f6kts tillsammans med boende i omr\u00e5det. Under tr\u00e4ffen presenterades n\u00e5gra av de slutsatser och fr\u00e5gest\u00e4llningar som vuxit fram genom kartl\u00e4ggningsarbetet.<\/p>\n\n\n\n<figure class=\"wp-block-image size-large\"><img loading=\"lazy\" decoding=\"async\" width=\"1024\" height=\"768\" src=\"https:\/\/bottnafjordenssamhallsforening.se\/beresam\/wp-content\/uploads\/2026\/06\/Lokal-niva-Evja-1024x768.jpeg\" alt=\"\" class=\"wp-image-443\" srcset=\"https:\/\/bottnafjordenssamhallsforening.se\/beresam\/wp-content\/uploads\/2026\/06\/Lokal-niva-Evja-1024x768.jpeg 1024w, https:\/\/bottnafjordenssamhallsforening.se\/beresam\/wp-content\/uploads\/2026\/06\/Lokal-niva-Evja-300x225.jpeg 300w, https:\/\/bottnafjordenssamhallsforening.se\/beresam\/wp-content\/uploads\/2026\/06\/Lokal-niva-Evja-768x576.jpeg 768w, https:\/\/bottnafjordenssamhallsforening.se\/beresam\/wp-content\/uploads\/2026\/06\/Lokal-niva-Evja-1536x1152.jpeg 1536w, https:\/\/bottnafjordenssamhallsforening.se\/beresam\/wp-content\/uploads\/2026\/06\/Lokal-niva-Evja.jpeg 2048w\" sizes=\"auto, (max-width: 1024px) 100vw, 1024px\" \/><\/figure>\n\n\n\n<p class=\"wp-block-paragraph\">Kartl\u00e4ggningen visar att det finns mycket lokal kunskap och m\u00e5nga resurser i omr\u00e5det, men ocks\u00e5 att flera fr\u00e5gor beh\u00f6ver f\u00f6rst\u00e5s b\u00e4ttre. Bland de omr\u00e5den som lyftes fram som intressanta att f\u00f6rdjupa sig i finns vattenf\u00f6rs\u00f6rjningens robusthet vid torka och elavbrott, lokal livsmedelsproduktion och f\u00f6r\u00e4dling, energifr\u00e5gor samt kommunikation och samverkan vid samh\u00e4llsst\u00f6rningar.<\/p>\n\n\n\n<figure class=\"wp-block-image size-large\"><img loading=\"lazy\" decoding=\"async\" width=\"1024\" height=\"771\" src=\"https:\/\/bottnafjordenssamhallsforening.se\/beresam\/wp-content\/uploads\/2026\/06\/PXL_20260614_154224801-1024x771.jpg\" alt=\"\" class=\"wp-image-436\" srcset=\"https:\/\/bottnafjordenssamhallsforening.se\/beresam\/wp-content\/uploads\/2026\/06\/PXL_20260614_154224801-1024x771.jpg 1024w, https:\/\/bottnafjordenssamhallsforening.se\/beresam\/wp-content\/uploads\/2026\/06\/PXL_20260614_154224801-300x226.jpg 300w, https:\/\/bottnafjordenssamhallsforening.se\/beresam\/wp-content\/uploads\/2026\/06\/PXL_20260614_154224801-768x578.jpg 768w, https:\/\/bottnafjordenssamhallsforening.se\/beresam\/wp-content\/uploads\/2026\/06\/PXL_20260614_154224801-1536x1157.jpg 1536w, https:\/\/bottnafjordenssamhallsforening.se\/beresam\/wp-content\/uploads\/2026\/06\/PXL_20260614_154224801-2048x1542.jpg 2048w\" sizes=\"auto, (max-width: 1024px) 100vw, 1024px\" \/><\/figure>\n\n\n\n<p class=\"wp-block-paragraph\">D\u00e4refter fick deltagarna arbeta tillsammans i en workshop med fokus p\u00e5 vilka resurser som redan finns i bygden. \u00d6vningen tog sin utg\u00e5ngspunkt i kartl\u00e4ggningens resultat, d\u00e4r relationer, lokalk\u00e4nnedom, kunskaper, erfarenheter och sociala n\u00e4tverk framtr\u00e4tt som viktiga delar av lokalsamh\u00e4llets beredskap och resiliens. Genom samtal och post-it-lappar samlades exempel p\u00e5 f\u00f6reningar, n\u00e4tverk, lokaler, nyckelpersoner och andra resurser som kan ha betydelse b\u00e5de i vardagen och vid olika typer av samh\u00e4llsst\u00f6rningar.<\/p>\n\n\n\n<div class=\"wp-block-media-text is-stacked-on-mobile\"><figure class=\"wp-block-media-text__media\"><img loading=\"lazy\" decoding=\"async\" width=\"771\" height=\"1024\" src=\"https:\/\/bottnafjordenssamhallsforening.se\/beresam\/wp-content\/uploads\/2026\/06\/PXL_20260614_154455319-771x1024.jpg\" alt=\"\" class=\"wp-image-435 size-full\" srcset=\"https:\/\/bottnafjordenssamhallsforening.se\/beresam\/wp-content\/uploads\/2026\/06\/PXL_20260614_154455319-771x1024.jpg 771w, https:\/\/bottnafjordenssamhallsforening.se\/beresam\/wp-content\/uploads\/2026\/06\/PXL_20260614_154455319-226x300.jpg 226w, https:\/\/bottnafjordenssamhallsforening.se\/beresam\/wp-content\/uploads\/2026\/06\/PXL_20260614_154455319-768x1020.jpg 768w, https:\/\/bottnafjordenssamhallsforening.se\/beresam\/wp-content\/uploads\/2026\/06\/PXL_20260614_154455319-1157x1536.jpg 1157w, https:\/\/bottnafjordenssamhallsforening.se\/beresam\/wp-content\/uploads\/2026\/06\/PXL_20260614_154455319-1542x2048.jpg 1542w, https:\/\/bottnafjordenssamhallsforening.se\/beresam\/wp-content\/uploads\/2026\/06\/PXL_20260614_154455319-scaled.jpg 1928w\" sizes=\"auto, (max-width: 771px) 100vw, 771px\" \/><\/figure><div class=\"wp-block-media-text__content\">\n<p class=\"wp-block-paragraph\">Workshopsresultatet visade p\u00e5 en stor bredd av lokala resurser. Deltagarna lyfte bland annat fram hembygdsf\u00f6reningar, samh\u00e4llsf\u00f6reningar, f\u00f6rsamlingar, bygdeg\u00e5rdar, m\u00f6tesplatser, lokala f\u00f6retag, verkst\u00e4der, g\u00e5rdar, butiker, kommunikationskanaler och m\u00e4nniskor med olika kunskaper och erfarenheter.<\/p>\n<\/div><\/div>\n\n\n\n<div class=\"wp-block-media-text is-stacked-on-mobile\"><figure class=\"wp-block-media-text__media\"><img loading=\"lazy\" decoding=\"async\" width=\"771\" height=\"1024\" src=\"https:\/\/bottnafjordenssamhallsforening.se\/beresam\/wp-content\/uploads\/2026\/06\/PXL_20260614_154355119-771x1024.jpg\" alt=\"\" class=\"wp-image-431 size-full\" srcset=\"https:\/\/bottnafjordenssamhallsforening.se\/beresam\/wp-content\/uploads\/2026\/06\/PXL_20260614_154355119-771x1024.jpg 771w, https:\/\/bottnafjordenssamhallsforening.se\/beresam\/wp-content\/uploads\/2026\/06\/PXL_20260614_154355119-226x300.jpg 226w, https:\/\/bottnafjordenssamhallsforening.se\/beresam\/wp-content\/uploads\/2026\/06\/PXL_20260614_154355119-768x1020.jpg 768w, https:\/\/bottnafjordenssamhallsforening.se\/beresam\/wp-content\/uploads\/2026\/06\/PXL_20260614_154355119-1157x1536.jpg 1157w, https:\/\/bottnafjordenssamhallsforening.se\/beresam\/wp-content\/uploads\/2026\/06\/PXL_20260614_154355119-1542x2048.jpg 1542w, https:\/\/bottnafjordenssamhallsforening.se\/beresam\/wp-content\/uploads\/2026\/06\/PXL_20260614_154355119-scaled.jpg 1928w\" sizes=\"auto, (max-width: 771px) 100vw, 771px\" \/><\/figure><div class=\"wp-block-media-text__content\">\n<p class=\"wp-block-paragraph\">Som avslutning fick deltagarna reflektera \u00f6ver vilka styrkor som redan finns i bygden och vilka fr\u00e5gor som skulle kunna vara v\u00e4rdefulla att arbeta vidare med. <\/p>\n\n\n\n<p class=\"wp-block-paragraph\">Bland de styrkor som lyftes fram \u00e5terkom s\u00e4rskilt:<\/p>\n\n\n\n<ul class=\"wp-block-list\">\n<li>det rika f\u00f6reningslivet<\/li>\n\n\n\n<li>gemenskapen och viljan att hj\u00e4lpa varandra<\/li>\n\n\n\n<li>den lokala kunskapen och k\u00e4nnedomen om bygden<\/li>\n\n\n\n<li>tillg\u00e5ngen till vatten<\/li>\n<\/ul>\n<\/div><\/div>\n\n\n\n<div class=\"wp-block-media-text is-stacked-on-mobile\"><figure class=\"wp-block-media-text__media\"><img loading=\"lazy\" decoding=\"async\" width=\"771\" height=\"1024\" src=\"https:\/\/bottnafjordenssamhallsforening.se\/beresam\/wp-content\/uploads\/2026\/06\/PXL_20260614_154339265-771x1024.jpg\" alt=\"\" class=\"wp-image-441 size-full\" srcset=\"https:\/\/bottnafjordenssamhallsforening.se\/beresam\/wp-content\/uploads\/2026\/06\/PXL_20260614_154339265-771x1024.jpg 771w, https:\/\/bottnafjordenssamhallsforening.se\/beresam\/wp-content\/uploads\/2026\/06\/PXL_20260614_154339265-226x300.jpg 226w, https:\/\/bottnafjordenssamhallsforening.se\/beresam\/wp-content\/uploads\/2026\/06\/PXL_20260614_154339265-768x1020.jpg 768w, https:\/\/bottnafjordenssamhallsforening.se\/beresam\/wp-content\/uploads\/2026\/06\/PXL_20260614_154339265-1157x1536.jpg 1157w, https:\/\/bottnafjordenssamhallsforening.se\/beresam\/wp-content\/uploads\/2026\/06\/PXL_20260614_154339265-1542x2048.jpg 1542w, https:\/\/bottnafjordenssamhallsforening.se\/beresam\/wp-content\/uploads\/2026\/06\/PXL_20260614_154339265-scaled.jpg 1928w\" sizes=\"auto, (max-width: 771px) 100vw, 771px\" \/><\/figure><div class=\"wp-block-media-text__content\">\n<p class=\"wp-block-paragraph\">I samtalen om framtiden \u00e5terkom flera fr\u00e5gor. Deltagarna diskuterade bland annat hur f\u00f6reningslivet kan f\u00e5 b\u00e4ttre f\u00f6ruts\u00e4ttningar f\u00f6r f\u00f6rnyelse och f\u00f6ryngring, samt hur samverkan mellan olika f\u00f6reningar och lokala akt\u00f6rer kan utvecklas. Det fanns ocks\u00e5 ett intresse f\u00f6r att unders\u00f6ka m\u00f6jligheterna till gemensamma l\u00f6sningar kring exempelvis drivmedelslager, transporter och fler m\u00f6tesplatser och caf\u00e9er.<\/p>\n<\/div><\/div>\n\n\n\n<p class=\"wp-block-paragraph\">Tr\u00e4ffen var den andra i en serie om tre \u00f6ppna tr\u00e4ffar kring beredskap. N\u00e4sta tr\u00e4ff \u00e4ger rum den 22 september och kommer att fokusera p\u00e5 hur kommunerna arbetar med beredskap. Det blir ocks\u00e5 ett panelsamtal med kommunrepresentanterna.<\/p>\n\n\n\n<p class=\"wp-block-paragraph\">Vi vill rikta ett varmt tack till alla som deltog och bidrog med erfarenheter, kunskap och id\u00e9er.<\/p>\n\n\n\n<p class=\"wp-block-paragraph\"><strong>Tillsammans forts\u00e4tter vi utforska hur Bottnafjorden kan st\u00e5 starkt \u2013 b\u00e5de i vardagen och n\u00e4r f\u00f6ruts\u00e4ttningarna f\u00f6r\u00e4ndras.<\/strong><\/p>\n","protected":false},"excerpt":{"rendered":"<p>Hur ser egentligen den lokala beredskapen ut runt Bottnafjorden? Och vilka resurser finns redan omkring oss? Det var n\u00e5gra av fr\u00e5gorna n\u00e4r vi den 14 juni samlades i Evja Folkets hus f\u00f6r tr\u00e4ffen &#8220;Hur klarar vi oss tillsammans i bygden?&#8221;. Under v\u00e5ren har projektet genomf\u00f6rt fem kartl\u00e4ggningstr\u00e4ffar d\u00e4r fr\u00e5gor kring vattenf\u00f6rs\u00f6rjning, livsmedelsf\u00f6rs\u00f6rjning och andra lokala [&hellip;]<\/p>\n","protected":false},"author":2,"featured_media":439,"comment_status":"closed","ping_status":"","sticky":false,"template":"","format":"standard","meta":{"footnotes":""},"categories":[1],"tags":[],"class_list":["post-429","post","type-post","status-publish","format-standard","has-post-thumbnail","hentry","category-okategoriserade"],"_links":{"self":[{"href":"https:\/\/bottnafjordenssamhallsforening.se\/beresam\/wp-json\/wp\/v2\/posts\/429","targetHints":{"allow":["GET"]}}],"collection":[{"href":"https:\/\/bottnafjordenssamhallsforening.se\/beresam\/wp-json\/wp\/v2\/posts"}],"about":[{"href":"https:\/\/bottnafjordenssamhallsforening.se\/beresam\/wp-json\/wp\/v2\/types\/post"}],"author":[{"embeddable":true,"href":"https:\/\/bottnafjordenssamhallsforening.se\/beresam\/wp-json\/wp\/v2\/users\/2"}],"replies":[{"embeddable":true,"href":"https:\/\/bottnafjordenssamhallsforening.se\/beresam\/wp-json\/wp\/v2\/comments?post=429"}],"version-history":[{"count":5,"href":"https:\/\/bottnafjordenssamhallsforening.se\/beresam\/wp-json\/wp\/v2\/posts\/429\/revisions"}],"predecessor-version":[{"id":444,"href":"https:\/\/bottnafjordenssamhallsforening.se\/beresam\/wp-json\/wp\/v2\/posts\/429\/revisions\/444"}],"wp:featuredmedia":[{"embeddable":true,"href":"https:\/\/bottnafjordenssamhallsforening.se\/beresam\/wp-json\/wp\/v2\/media\/439"}],"wp:attachment":[{"href":"https:\/\/bottnafjordenssamhallsforening.se\/beresam\/wp-json\/wp\/v2\/media?parent=429"}],"wp:term":[{"taxonomy":"category","embeddable":true,"href":"https:\/\/bottnafjordenssamhallsforening.se\/beresam\/wp-json\/wp\/v2\/categories?post=429"},{"taxonomy":"post_tag","embeddable":true,"href":"https:\/\/bottnafjordenssamhallsforening.se\/beresam\/wp-json\/wp\/v2\/tags?post=429"}],"curies":[{"name":"wp","href":"https:\/\/api.w.org\/{rel}","templated":true}]}}