{"id":425,"date":"2026-06-08T14:46:34","date_gmt":"2026-06-08T12:46:34","guid":{"rendered":"https:\/\/bottnafjordenssamhallsforening.se\/beresam\/?p=425"},"modified":"2026-06-08T14:46:34","modified_gmt":"2026-06-08T12:46:34","slug":"oppet-mote-om-lokal-beredskap-den-14-juni","status":"publish","type":"post","link":"https:\/\/bottnafjordenssamhallsforening.se\/beresam\/oppet-mote-om-lokal-beredskap-den-14-juni\/","title":{"rendered":"\u00a0\u00d6ppet m\u00f6te om lokal beredskap den 14 juni"},"content":{"rendered":"\n<p class=\"wp-block-paragraph\"><strong>Hur kan vi tillsammans skapa ett tryggare och mer robust lokalsamh\u00e4lle runt Bottnafjorden?<\/strong><\/p>\n\n\n\n<p class=\"wp-block-paragraph\">Var med i samtal om hur och vad vi kan g\u00f6ra h\u00e4r i omr\u00e5det runt Bottnafjorden i syfte att st\u00e4rka v\u00e5r lokala kapacitet att m\u00f6ta kriser och st\u00f6rningar och samtidigt bygga ett h\u00e5llbart lokalsamh\u00e4lle. <\/p>\n\n\n\n<p class=\"wp-block-paragraph\"><img decoding=\"async\" alt=\"\ud83d\udccd\" src=\"https:\/\/fonts.gstatic.com\/s\/e\/notoemoji\/17.0\/1f4cd\/32.png\">&nbsp;Evja Folkets hus<br><img decoding=\"async\" alt=\"\ud83d\udcc5\" src=\"https:\/\/fonts.gstatic.com\/s\/e\/notoemoji\/17.0\/1f4c5\/32.png\">&nbsp;S\u00f6ndag 14 juni<br><img decoding=\"async\" alt=\"\ud83d\udd53\" src=\"https:\/\/fonts.gstatic.com\/s\/e\/notoemoji\/17.0\/1f553\/32.png\">&nbsp;Kl. 16.00\u201318.00<\/p>\n\n\n\n<p class=\"wp-block-paragraph\">Under eftermiddagen kommer vi att prata om lokal beredskap, samverkan och vilka styrkor som finns i v\u00e5rt omr\u00e5de. Det handlar inte bara om kriser och beredskap, utan ocks\u00e5 om hur vi bygger ett levande, h\u00e5llbart och motst\u00e5ndskraftigt lokalsamh\u00e4lle nu och f\u00f6r framtiden.<\/p>\n\n\n\n<p class=\"wp-block-paragraph\">Alla \u00e4r v\u00e4lkomna \u2013 oavsett om du deltagit tidigare eller \u00e4r nyfiken p\u00e5 projektet f\u00f6r f\u00f6rsta g\u00e5ngen.<\/p>\n\n\n\n<p class=\"wp-block-paragraph\">Anm\u00e4l dig g\u00e4rna h\u00e4r:&nbsp;<a href=\"https:\/\/forms.gle\/Y7FpRXyxmGEzvi7j6\" target=\"_blank\" rel=\"noreferrer noopener\">ANM\u00c4LNINGSFORMUL\u00c4R<\/a><\/p>\n\n\n\n<p class=\"wp-block-paragraph\">Vi hoppas att vi ses! Vi bjuder p\u00e5 fika!<\/p>\n\n\n\n<figure class=\"wp-block-image size-large\"><img loading=\"lazy\" decoding=\"async\" width=\"724\" height=\"1024\" src=\"https:\/\/bottnafjordenssamhallsforening.se\/beresam\/wp-content\/uploads\/2026\/06\/14-juni-724x1024.jpg\" alt=\"\" class=\"wp-image-426\" srcset=\"https:\/\/bottnafjordenssamhallsforening.se\/beresam\/wp-content\/uploads\/2026\/06\/14-juni-724x1024.jpg 724w, https:\/\/bottnafjordenssamhallsforening.se\/beresam\/wp-content\/uploads\/2026\/06\/14-juni-212x300.jpg 212w, https:\/\/bottnafjordenssamhallsforening.se\/beresam\/wp-content\/uploads\/2026\/06\/14-juni-768x1086.jpg 768w, https:\/\/bottnafjordenssamhallsforening.se\/beresam\/wp-content\/uploads\/2026\/06\/14-juni-1086x1536.jpg 1086w, https:\/\/bottnafjordenssamhallsforening.se\/beresam\/wp-content\/uploads\/2026\/06\/14-juni.jpg 1414w\" sizes=\"auto, (max-width: 724px) 100vw, 724px\" \/><\/figure>\n","protected":false},"excerpt":{"rendered":"<p>Hur kan vi tillsammans skapa ett tryggare och mer robust lokalsamh\u00e4lle runt Bottnafjorden? Var med i samtal om hur och vad vi kan g\u00f6ra h\u00e4r i omr\u00e5det runt Bottnafjorden i syfte att st\u00e4rka v\u00e5r lokala kapacitet att m\u00f6ta kriser och st\u00f6rningar och samtidigt bygga ett h\u00e5llbart lokalsamh\u00e4lle. &nbsp;Evja Folkets hus&nbsp;S\u00f6ndag 14 juni&nbsp;Kl. 16.00\u201318.00 Under eftermiddagen [&hellip;]<\/p>\n","protected":false},"author":2,"featured_media":356,"comment_status":"closed","ping_status":"","sticky":false,"template":"","format":"standard","meta":{"footnotes":""},"categories":[1],"tags":[],"class_list":["post-425","post","type-post","status-publish","format-standard","has-post-thumbnail","hentry","category-okategoriserade"],"_links":{"self":[{"href":"https:\/\/bottnafjordenssamhallsforening.se\/beresam\/wp-json\/wp\/v2\/posts\/425","targetHints":{"allow":["GET"]}}],"collection":[{"href":"https:\/\/bottnafjordenssamhallsforening.se\/beresam\/wp-json\/wp\/v2\/posts"}],"about":[{"href":"https:\/\/bottnafjordenssamhallsforening.se\/beresam\/wp-json\/wp\/v2\/types\/post"}],"author":[{"embeddable":true,"href":"https:\/\/bottnafjordenssamhallsforening.se\/beresam\/wp-json\/wp\/v2\/users\/2"}],"replies":[{"embeddable":true,"href":"https:\/\/bottnafjordenssamhallsforening.se\/beresam\/wp-json\/wp\/v2\/comments?post=425"}],"version-history":[{"count":1,"href":"https:\/\/bottnafjordenssamhallsforening.se\/beresam\/wp-json\/wp\/v2\/posts\/425\/revisions"}],"predecessor-version":[{"id":427,"href":"https:\/\/bottnafjordenssamhallsforening.se\/beresam\/wp-json\/wp\/v2\/posts\/425\/revisions\/427"}],"wp:featuredmedia":[{"embeddable":true,"href":"https:\/\/bottnafjordenssamhallsforening.se\/beresam\/wp-json\/wp\/v2\/media\/356"}],"wp:attachment":[{"href":"https:\/\/bottnafjordenssamhallsforening.se\/beresam\/wp-json\/wp\/v2\/media?parent=425"}],"wp:term":[{"taxonomy":"category","embeddable":true,"href":"https:\/\/bottnafjordenssamhallsforening.se\/beresam\/wp-json\/wp\/v2\/categories?post=425"},{"taxonomy":"post_tag","embeddable":true,"href":"https:\/\/bottnafjordenssamhallsforening.se\/beresam\/wp-json\/wp\/v2\/tags?post=425"}],"curies":[{"name":"wp","href":"https:\/\/api.w.org\/{rel}","templated":true}]}}