{"id":404,"date":"2026-05-28T11:25:31","date_gmt":"2026-05-28T09:25:31","guid":{"rendered":"https:\/\/bottnafjordenssamhallsforening.se\/beresam\/?p=404"},"modified":"2026-06-24T14:21:25","modified_gmt":"2026-06-24T12:21:25","slug":"%f0%9f%8e%99%ef%b8%8f-just-nu-fardigstalls-det-allra-forsta-avsnittet-av-podden-mellan-oss-kring-bottnafjorden","status":"publish","type":"post","link":"https:\/\/bottnafjordenssamhallsforening.se\/beresam\/%f0%9f%8e%99%ef%b8%8f-just-nu-fardigstalls-det-allra-forsta-avsnittet-av-podden-mellan-oss-kring-bottnafjorden\/","title":{"rendered":"\ud83c\udf99\ufe0f Just nu f\u00e4rdigst\u00e4lls det allra f\u00f6rsta avsnittet av podden: Mellan oss kring Bottnafjorden"},"content":{"rendered":"\n<p class=\"wp-block-paragraph\">I de f\u00f6rsta avsnitten f\u00f6ljer vi sp\u00e5r av kunskap, erfarenheter och tankar kring beredskap, resiliens och livet i bygden runt Bottnafjorden. F\u00f6rst ut \u00e4r ett samtal med Konrad Gustafsson Herrg\u00e5rd om hush\u00e5llsberedskap, s\u00e5rbarhet och resiliens med utg\u00e5ngspunkt i <a href=\"https:\/\/bottnafjordenssamhallsforening.se\/beresam\/wp-content\/uploads\/2026\/04\/gustafsson-herrgard-k-20240705-1.pdf\">den studie<\/a> han gjort i omr\u00e5det runt Bottnafjorden.<\/p>\n\n\n\n<p class=\"wp-block-paragraph\">Projektledarna Jeanette och Marcus \u00e4r just nu ute i bygden och spelar in fler samtal med m\u00e4nniskor, producenter, f\u00f6reningar och andra akt\u00f6rer i omr\u00e5det.<\/p>\n\n\n\n<p class=\"wp-block-paragraph\">Nu \u00e4r v\u00e4ntan snart \u00f6ver \u2013 f\u00f6rsta avsnittet sl\u00e4pps inom kort. \ud83c\udfa7<\/p>\n\n\n\n<figure class=\"wp-block-video\"><video height=\"1920\" style=\"aspect-ratio: 1080 \/ 1920;\" width=\"1080\" controls src=\"https:\/\/bottnafjordenssamhallsforening.se\/beresam\/wp-content\/uploads\/2026\/05\/Konrad-Gustafsson-Herrgard_reel_hemsida-1.mp4\"><\/video><\/figure>\n","protected":false},"excerpt":{"rendered":"<p>I de f\u00f6rsta avsnitten f\u00f6ljer vi sp\u00e5r av kunskap, erfarenheter och tankar kring beredskap, resiliens och livet i bygden runt Bottnafjorden. F\u00f6rst ut \u00e4r ett samtal med Konrad Gustafsson Herrg\u00e5rd om hush\u00e5llsberedskap, s\u00e5rbarhet och resiliens med utg\u00e5ngspunkt i den studie han gjort i omr\u00e5det runt Bottnafjorden. Projektledarna Jeanette och Marcus \u00e4r just nu ute i [&hellip;]<\/p>\n","protected":false},"author":2,"featured_media":470,"comment_status":"closed","ping_status":"closed","sticky":false,"template":"","format":"standard","meta":{"footnotes":""},"categories":[1],"tags":[],"class_list":["post-404","post","type-post","status-publish","format-standard","has-post-thumbnail","hentry","category-okategoriserade"],"_links":{"self":[{"href":"https:\/\/bottnafjordenssamhallsforening.se\/beresam\/wp-json\/wp\/v2\/posts\/404","targetHints":{"allow":["GET"]}}],"collection":[{"href":"https:\/\/bottnafjordenssamhallsforening.se\/beresam\/wp-json\/wp\/v2\/posts"}],"about":[{"href":"https:\/\/bottnafjordenssamhallsforening.se\/beresam\/wp-json\/wp\/v2\/types\/post"}],"author":[{"embeddable":true,"href":"https:\/\/bottnafjordenssamhallsforening.se\/beresam\/wp-json\/wp\/v2\/users\/2"}],"replies":[{"embeddable":true,"href":"https:\/\/bottnafjordenssamhallsforening.se\/beresam\/wp-json\/wp\/v2\/comments?post=404"}],"version-history":[{"count":3,"href":"https:\/\/bottnafjordenssamhallsforening.se\/beresam\/wp-json\/wp\/v2\/posts\/404\/revisions"}],"predecessor-version":[{"id":410,"href":"https:\/\/bottnafjordenssamhallsforening.se\/beresam\/wp-json\/wp\/v2\/posts\/404\/revisions\/410"}],"wp:featuredmedia":[{"embeddable":true,"href":"https:\/\/bottnafjordenssamhallsforening.se\/beresam\/wp-json\/wp\/v2\/media\/470"}],"wp:attachment":[{"href":"https:\/\/bottnafjordenssamhallsforening.se\/beresam\/wp-json\/wp\/v2\/media?parent=404"}],"wp:term":[{"taxonomy":"category","embeddable":true,"href":"https:\/\/bottnafjordenssamhallsforening.se\/beresam\/wp-json\/wp\/v2\/categories?post=404"},{"taxonomy":"post_tag","embeddable":true,"href":"https:\/\/bottnafjordenssamhallsforening.se\/beresam\/wp-json\/wp\/v2\/tags?post=404"}],"curies":[{"name":"wp","href":"https:\/\/api.w.org\/{rel}","templated":true}]}}