{"id":384,"date":"2026-05-21T14:42:20","date_gmt":"2026-05-21T12:42:20","guid":{"rendered":"https:\/\/bottnafjordenssamhallsforening.se\/beresam\/?p=384"},"modified":"2026-05-21T14:51:45","modified_gmt":"2026-05-21T12:51:45","slug":"hur-gick-de-fem-kartlaggningstraffarna","status":"publish","type":"post","link":"https:\/\/bottnafjordenssamhallsforening.se\/beresam\/hur-gick-de-fem-kartlaggningstraffarna\/","title":{"rendered":"Hur gick de fem kartl\u00e4ggningstr\u00e4ffarna?"},"content":{"rendered":"\n<p class=\"wp-block-paragraph\">Under mars och april har vi genomf\u00f6rt fem kartl\u00e4ggningstr\u00e4ffar runt Bottnafjorden &#8211; i Tossene, Bovallstrand, B\u00e4rfendal, Svenneby och Bottna. Totalt deltog 61 personer fr\u00e5n olika delar av omr\u00e5det \u2013 boende, f\u00f6reningsaktiva, sm\u00e5brukare, producenter och andra med lokal kunskap och erfarenhet.<\/p>\n\n\n\n<figure class=\"wp-block-gallery has-nested-images columns-default is-cropped wp-block-gallery-1 is-layout-flex wp-block-gallery-is-layout-flex\">\n<figure class=\"wp-block-image size-large\"><img loading=\"lazy\" decoding=\"async\" width=\"1024\" height=\"771\" data-id=\"386\" src=\"https:\/\/bottnafjordenssamhallsforening.se\/beresam\/wp-content\/uploads\/2026\/05\/PXL_20260416_170514540-1024x771.jpg\" alt=\"\" class=\"wp-image-386\" srcset=\"https:\/\/bottnafjordenssamhallsforening.se\/beresam\/wp-content\/uploads\/2026\/05\/PXL_20260416_170514540-1024x771.jpg 1024w, https:\/\/bottnafjordenssamhallsforening.se\/beresam\/wp-content\/uploads\/2026\/05\/PXL_20260416_170514540-300x226.jpg 300w, https:\/\/bottnafjordenssamhallsforening.se\/beresam\/wp-content\/uploads\/2026\/05\/PXL_20260416_170514540-768x578.jpg 768w, https:\/\/bottnafjordenssamhallsforening.se\/beresam\/wp-content\/uploads\/2026\/05\/PXL_20260416_170514540-1536x1157.jpg 1536w, https:\/\/bottnafjordenssamhallsforening.se\/beresam\/wp-content\/uploads\/2026\/05\/PXL_20260416_170514540-2048x1542.jpg 2048w\" sizes=\"auto, (max-width: 1024px) 100vw, 1024px\" \/><\/figure>\n\n\n\n<figure class=\"wp-block-image size-large\"><img loading=\"lazy\" decoding=\"async\" width=\"1024\" height=\"771\" data-id=\"253\" src=\"https:\/\/bottnafjordenssamhallsforening.se\/beresam\/wp-content\/uploads\/2026\/04\/PXL_20260413_180558202-1024x771.jpg\" alt=\"\" class=\"wp-image-253\" srcset=\"https:\/\/bottnafjordenssamhallsforening.se\/beresam\/wp-content\/uploads\/2026\/04\/PXL_20260413_180558202-1024x771.jpg 1024w, https:\/\/bottnafjordenssamhallsforening.se\/beresam\/wp-content\/uploads\/2026\/04\/PXL_20260413_180558202-300x226.jpg 300w, https:\/\/bottnafjordenssamhallsforening.se\/beresam\/wp-content\/uploads\/2026\/04\/PXL_20260413_180558202-768x578.jpg 768w, https:\/\/bottnafjordenssamhallsforening.se\/beresam\/wp-content\/uploads\/2026\/04\/PXL_20260413_180558202-1536x1157.jpg 1536w, https:\/\/bottnafjordenssamhallsforening.se\/beresam\/wp-content\/uploads\/2026\/04\/PXL_20260413_180558202-2048x1542.jpg 2048w\" sizes=\"auto, (max-width: 1024px) 100vw, 1024px\" \/><\/figure>\n\n\n\n<figure class=\"wp-block-image size-large\"><img loading=\"lazy\" decoding=\"async\" width=\"1024\" height=\"771\" data-id=\"211\" src=\"https:\/\/bottnafjordenssamhallsforening.se\/beresam\/wp-content\/uploads\/2026\/04\/PXL_20260331_170635391-1024x771.jpg\" alt=\"\" class=\"wp-image-211\" srcset=\"https:\/\/bottnafjordenssamhallsforening.se\/beresam\/wp-content\/uploads\/2026\/04\/PXL_20260331_170635391-1024x771.jpg 1024w, https:\/\/bottnafjordenssamhallsforening.se\/beresam\/wp-content\/uploads\/2026\/04\/PXL_20260331_170635391-300x226.jpg 300w, https:\/\/bottnafjordenssamhallsforening.se\/beresam\/wp-content\/uploads\/2026\/04\/PXL_20260331_170635391-768x578.jpg 768w, https:\/\/bottnafjordenssamhallsforening.se\/beresam\/wp-content\/uploads\/2026\/04\/PXL_20260331_170635391-1536x1157.jpg 1536w, https:\/\/bottnafjordenssamhallsforening.se\/beresam\/wp-content\/uploads\/2026\/04\/PXL_20260331_170635391-2048x1542.jpg 2048w\" sizes=\"auto, (max-width: 1024px) 100vw, 1024px\" \/><\/figure>\n\n\n\n<figure class=\"wp-block-image size-large\"><img loading=\"lazy\" decoding=\"async\" width=\"771\" height=\"1024\" data-id=\"388\" src=\"https:\/\/bottnafjordenssamhallsforening.se\/beresam\/wp-content\/uploads\/2026\/05\/PXL_20260331_170525229-1-771x1024.jpg\" alt=\"\" class=\"wp-image-388\" srcset=\"https:\/\/bottnafjordenssamhallsforening.se\/beresam\/wp-content\/uploads\/2026\/05\/PXL_20260331_170525229-1-771x1024.jpg 771w, https:\/\/bottnafjordenssamhallsforening.se\/beresam\/wp-content\/uploads\/2026\/05\/PXL_20260331_170525229-1-226x300.jpg 226w, https:\/\/bottnafjordenssamhallsforening.se\/beresam\/wp-content\/uploads\/2026\/05\/PXL_20260331_170525229-1-768x1020.jpg 768w, https:\/\/bottnafjordenssamhallsforening.se\/beresam\/wp-content\/uploads\/2026\/05\/PXL_20260331_170525229-1-1157x1536.jpg 1157w, https:\/\/bottnafjordenssamhallsforening.se\/beresam\/wp-content\/uploads\/2026\/05\/PXL_20260331_170525229-1-1542x2048.jpg 1542w, https:\/\/bottnafjordenssamhallsforening.se\/beresam\/wp-content\/uploads\/2026\/05\/PXL_20260331_170525229-1-scaled.jpg 1928w\" sizes=\"auto, (max-width: 771px) 100vw, 771px\" \/><\/figure>\n\n\n\n<figure class=\"wp-block-image size-large\"><img loading=\"lazy\" decoding=\"async\" width=\"1024\" height=\"771\" data-id=\"389\" src=\"https:\/\/bottnafjordenssamhallsforening.se\/beresam\/wp-content\/uploads\/2026\/05\/PXL_20260331_092923474-1024x771.jpg\" alt=\"\" class=\"wp-image-389\" srcset=\"https:\/\/bottnafjordenssamhallsforening.se\/beresam\/wp-content\/uploads\/2026\/05\/PXL_20260331_092923474-1024x771.jpg 1024w, https:\/\/bottnafjordenssamhallsforening.se\/beresam\/wp-content\/uploads\/2026\/05\/PXL_20260331_092923474-300x226.jpg 300w, https:\/\/bottnafjordenssamhallsforening.se\/beresam\/wp-content\/uploads\/2026\/05\/PXL_20260331_092923474-768x578.jpg 768w, https:\/\/bottnafjordenssamhallsforening.se\/beresam\/wp-content\/uploads\/2026\/05\/PXL_20260331_092923474-1536x1157.jpg 1536w, https:\/\/bottnafjordenssamhallsforening.se\/beresam\/wp-content\/uploads\/2026\/05\/PXL_20260331_092923474-2048x1542.jpg 2048w\" sizes=\"auto, (max-width: 1024px) 100vw, 1024px\" \/><\/figure>\n\n\n\n<figure class=\"wp-block-image size-large\"><img loading=\"lazy\" decoding=\"async\" width=\"1024\" height=\"576\" data-id=\"385\" src=\"https:\/\/bottnafjordenssamhallsforening.se\/beresam\/wp-content\/uploads\/2026\/05\/Karta-projektomradet-1024x576.jpg\" alt=\"\" class=\"wp-image-385\" srcset=\"https:\/\/bottnafjordenssamhallsforening.se\/beresam\/wp-content\/uploads\/2026\/05\/Karta-projektomradet-1024x576.jpg 1024w, https:\/\/bottnafjordenssamhallsforening.se\/beresam\/wp-content\/uploads\/2026\/05\/Karta-projektomradet-300x169.jpg 300w, https:\/\/bottnafjordenssamhallsforening.se\/beresam\/wp-content\/uploads\/2026\/05\/Karta-projektomradet-768x432.jpg 768w, https:\/\/bottnafjordenssamhallsforening.se\/beresam\/wp-content\/uploads\/2026\/05\/Karta-projektomradet-1536x864.jpg 1536w, https:\/\/bottnafjordenssamhallsforening.se\/beresam\/wp-content\/uploads\/2026\/05\/Karta-projektomradet.jpg 1920w\" sizes=\"auto, (max-width: 1024px) 100vw, 1024px\" \/><\/figure>\n<\/figure>\n\n\n\n<p class=\"wp-block-paragraph\">Syftet med tr\u00e4ffarna har varit att b\u00f6rja unders\u00f6ka vilka resurser, kunskaper och s\u00e5rbarheter som finns lokalt kring vatten, livsmedel och beredskap.<\/p>\n\n\n\n<p class=\"wp-block-paragraph\">Och det har kommit fram mycket.<\/p>\n\n\n\n<p class=\"wp-block-paragraph\">Vi har pratat om:<br>\u2013 lokala brunnar och vattenk\u00e4llor<br>\u2013 reservkraft och generatorer<br>\u2013 matlagring och konservering<br>\u2013 alternativa v\u00e4rmek\u00e4llor<br>\u2013 odling och lokal livsmedelsf\u00f6rs\u00f6rjning<br>\u2013 kommunikation vid l\u00e4ngre elavbrott<br>\u2013 lokala m\u00f6tesplatser och samverkan<\/p>\n\n\n\n<p class=\"wp-block-paragraph\">Men ocks\u00e5 om s\u00e5dant som l\u00e4tt gl\u00f6ms bort:<br>vem som kan vad, vilka praktiska kunskaper som fortfarande finns kvar i bygden och hur m\u00e4nniskor faktiskt hj\u00e4lps \u00e5t n\u00e4r n\u00e5got h\u00e4nder.<\/p>\n\n\n\n<p class=\"wp-block-paragraph\">Under tr\u00e4ffarna har deltagarna ocks\u00e5 identifierat m\u00e5nga konkreta resurser:<br>brunnar, dammar, jordk\u00e4llare, lokaler, odlingsm\u00f6jligheter, reservl\u00f6sningar, med mera.<\/p>\n\n\n\n<p class=\"wp-block-paragraph\">Flera \u00e5terkommande fr\u00e5gor har blivit tydliga:<br><strong>Hur s\u00e5rbara \u00e4r v\u00e5ra nuvarande system? Vad h\u00e4nder vid l\u00e4ngre elavbrott eller torka? Och hur bygger vi ett lokalsamh\u00e4lle som fungerar b\u00e4ttre \u00e4ven n\u00e4r n\u00e5got (o)v\u00e4ntat h\u00e4nder?<\/strong><\/p>\n\n\n\n<p class=\"wp-block-paragraph\">Det h\u00e4r arbetet kommer ocks\u00e5 att ligga till grund f\u00f6r de kommande aktiviteterna under h\u00f6sten och fram\u00e5t med fokus p\u00e5 praktiska kunskapstillf\u00e4llen, workshops och lokal samverkan kring beredskap och resiliens.<\/p>\n\n\n\n<p class=\"wp-block-paragraph\"><strong>N\u00e4sta \u00f6ppna tr\u00e4ff h\u00e5lls den 14 juni <\/strong>och kommer att fokusera p\u00e5 lokal beredskap. D\u00e5 presenterar vi fler m\u00f6nster och slutsatser fr\u00e5n kartl\u00e4ggningen och forts\u00e4tter samtalet tillsammans. <a href=\"https:\/\/bottnafjordenssamhallsforening.se\/beresam\/fran-kartlaggning-till-handling-nasta-steg-i-beresam\/\">L\u00e4s mer om tr\u00e4ffen den 14 juni h\u00e4r<\/a>.<\/p>\n\n\n\n<p class=\"wp-block-paragraph\"><\/p>\n","protected":false},"excerpt":{"rendered":"<p>Under mars och april har vi genomf\u00f6rt fem kartl\u00e4ggningstr\u00e4ffar runt Bottnafjorden &#8211; i Tossene, Bovallstrand, B\u00e4rfendal, Svenneby och Bottna. Totalt deltog 61 personer fr\u00e5n olika delar av omr\u00e5det \u2013 boende, f\u00f6reningsaktiva, sm\u00e5brukare, producenter och andra med lokal kunskap och erfarenhet. Syftet med tr\u00e4ffarna har varit att b\u00f6rja unders\u00f6ka vilka resurser, kunskaper och s\u00e5rbarheter som finns [&hellip;]<\/p>\n","protected":false},"author":2,"featured_media":210,"comment_status":"closed","ping_status":"","sticky":false,"template":"","format":"standard","meta":{"footnotes":""},"categories":[1],"tags":[],"class_list":["post-384","post","type-post","status-publish","format-standard","has-post-thumbnail","hentry","category-okategoriserade"],"_links":{"self":[{"href":"https:\/\/bottnafjordenssamhallsforening.se\/beresam\/wp-json\/wp\/v2\/posts\/384","targetHints":{"allow":["GET"]}}],"collection":[{"href":"https:\/\/bottnafjordenssamhallsforening.se\/beresam\/wp-json\/wp\/v2\/posts"}],"about":[{"href":"https:\/\/bottnafjordenssamhallsforening.se\/beresam\/wp-json\/wp\/v2\/types\/post"}],"author":[{"embeddable":true,"href":"https:\/\/bottnafjordenssamhallsforening.se\/beresam\/wp-json\/wp\/v2\/users\/2"}],"replies":[{"embeddable":true,"href":"https:\/\/bottnafjordenssamhallsforening.se\/beresam\/wp-json\/wp\/v2\/comments?post=384"}],"version-history":[{"count":3,"href":"https:\/\/bottnafjordenssamhallsforening.se\/beresam\/wp-json\/wp\/v2\/posts\/384\/revisions"}],"predecessor-version":[{"id":393,"href":"https:\/\/bottnafjordenssamhallsforening.se\/beresam\/wp-json\/wp\/v2\/posts\/384\/revisions\/393"}],"wp:featuredmedia":[{"embeddable":true,"href":"https:\/\/bottnafjordenssamhallsforening.se\/beresam\/wp-json\/wp\/v2\/media\/210"}],"wp:attachment":[{"href":"https:\/\/bottnafjordenssamhallsforening.se\/beresam\/wp-json\/wp\/v2\/media?parent=384"}],"wp:term":[{"taxonomy":"category","embeddable":true,"href":"https:\/\/bottnafjordenssamhallsforening.se\/beresam\/wp-json\/wp\/v2\/categories?post=384"},{"taxonomy":"post_tag","embeddable":true,"href":"https:\/\/bottnafjordenssamhallsforening.se\/beresam\/wp-json\/wp\/v2\/tags?post=384"}],"curies":[{"name":"wp","href":"https:\/\/api.w.org\/{rel}","templated":true}]}}