{"id":353,"date":"2026-05-13T14:49:06","date_gmt":"2026-05-13T12:49:06","guid":{"rendered":"https:\/\/bottnafjordenssamhallsforening.se\/beresam\/?p=353"},"modified":"2026-05-13T15:01:20","modified_gmt":"2026-05-13T13:01:20","slug":"hur-klarar-vi-oss-hemma-vid-kris-aterblick-fran-beresam-traffen-10-maj","status":"publish","type":"post","link":"https:\/\/bottnafjordenssamhallsforening.se\/beresam\/hur-klarar-vi-oss-hemma-vid-kris-aterblick-fran-beresam-traffen-10-maj\/","title":{"rendered":"\u00c5terblick fr\u00e5n BeReSam-tr\u00e4ffen 10 maj &#8220;Hur klarar vi oss hemma vid kris?&#8221;"},"content":{"rendered":"\n<p class=\"wp-block-paragraph\"><a href=\"https:\/\/photos.google.com\/photo\/AF1QipN1ZxWpA7BgYNxIImuQ6IN6mIsGvfzWPNlMBEcS\"><\/a>Den 10 maj genomf\u00f6rde BeReSam den f\u00f6rsta tr\u00e4ffen i v\u00e5r serie om beredskap och resiliens, med fokus p\u00e5 hush\u00e5llsniv\u00e5n. Tr\u00e4ffen h\u00f6lls i Bovallstrands f\u00f6rsamlingshem och 25 personer deltog.<\/p>\n\n\n\n<div class=\"wp-block-media-text has-media-on-the-right is-stacked-on-mobile\"><div class=\"wp-block-media-text__content\">\n<p class=\"wp-block-paragraph\">Tr\u00e4ffen inleddes med att Konrad Gustafsson Herrg\u00e5rd presenterade sin <a href=\"https:\/\/bottnafjordenssamhallsforening.se\/beresam\/wp-content\/uploads\/2026\/04\/gustafsson-herrgard-k-20240705-1.pdf\">studie om hush\u00e5llsberedskap och resiliens i Bottnafjordsomr\u00e5det<\/a>. Studien utg\u00e5r fr\u00e5n ett scenario d\u00e4r hush\u00e5ll under en l\u00e4ngre period blir isolerade och beh\u00f6ver klara sig sj\u00e4lva utan att kunna r\u00e4kna med att samh\u00e4llets funktioner fungerar som vanligt.<\/p>\n<\/div><figure class=\"wp-block-media-text__media\"><a href=\"https:\/\/bottnafjordenssamhallsforening.se\/beresam\/wp-content\/uploads\/2026\/04\/gustafsson-herrgard-k-20240705-1.pdf\"><img loading=\"lazy\" decoding=\"async\" width=\"819\" height=\"1024\" src=\"https:\/\/bottnafjordenssamhallsforening.se\/beresam\/wp-content\/uploads\/2026\/05\/10-maj-hushallsberedskap-819x1024.jpg\" alt=\"\" class=\"wp-image-359 size-full\" srcset=\"https:\/\/bottnafjordenssamhallsforening.se\/beresam\/wp-content\/uploads\/2026\/05\/10-maj-hushallsberedskap-819x1024.jpg 819w, https:\/\/bottnafjordenssamhallsforening.se\/beresam\/wp-content\/uploads\/2026\/05\/10-maj-hushallsberedskap-240x300.jpg 240w, https:\/\/bottnafjordenssamhallsforening.se\/beresam\/wp-content\/uploads\/2026\/05\/10-maj-hushallsberedskap-768x960.jpg 768w, https:\/\/bottnafjordenssamhallsforening.se\/beresam\/wp-content\/uploads\/2026\/05\/10-maj-hushallsberedskap.jpg 1080w\" sizes=\"auto, (max-width: 819px) 100vw, 819px\" \/><\/a><\/figure><\/div>\n\n\n\n<div class=\"wp-block-media-text has-media-on-the-right is-stacked-on-mobile\"><div class=\"wp-block-media-text__content\">\n<p class=\"wp-block-paragraph\">Efter presentationen fortsatte eftermiddagen med scenariobaserade gruppdiskussioner d\u00e4r deltagarna tillsammans fick fundera kring olika situationer d\u00e4r viktiga samh\u00e4llsfunktioner p\u00e5verkas \u2013 exempelvis n\u00e4r dricksvattnet inte g\u00e5r att anv\u00e4nda, elen f\u00f6rsvinner eller v\u00e4gar blockeras av sn\u00f6 och ov\u00e4der.<\/p>\n<\/div><figure class=\"wp-block-media-text__media\"><img loading=\"lazy\" decoding=\"async\" width=\"724\" height=\"1024\" src=\"https:\/\/bottnafjordenssamhallsforening.se\/beresam\/wp-content\/uploads\/2026\/05\/Scenario-1-1-724x1024.jpg\" alt=\"\" class=\"wp-image-358 size-full\" srcset=\"https:\/\/bottnafjordenssamhallsforening.se\/beresam\/wp-content\/uploads\/2026\/05\/Scenario-1-1-724x1024.jpg 724w, https:\/\/bottnafjordenssamhallsforening.se\/beresam\/wp-content\/uploads\/2026\/05\/Scenario-1-1-212x300.jpg 212w, https:\/\/bottnafjordenssamhallsforening.se\/beresam\/wp-content\/uploads\/2026\/05\/Scenario-1-1-768x1086.jpg 768w, https:\/\/bottnafjordenssamhallsforening.se\/beresam\/wp-content\/uploads\/2026\/05\/Scenario-1-1-1086x1536.jpg 1086w, https:\/\/bottnafjordenssamhallsforening.se\/beresam\/wp-content\/uploads\/2026\/05\/Scenario-1-1.jpg 1414w\" sizes=\"auto, (max-width: 724px) 100vw, 724px\" \/><\/figure><\/div>\n\n\n\n<p class=\"wp-block-paragraph\">\u00d6vningarna ledde vidare till m\u00e5nga fr\u00e5gor och samtal kring bland annat:<\/p>\n\n\n\n<ul class=\"wp-block-list\">\n<li>Hur l\u00e4nge klarar vi oss hemma?<\/li>\n\n\n\n<li>Hur lagrar och renar vi vatten?<\/li>\n\n\n\n<li>Hur lagar vi mat utan el?<\/li>\n\n\n\n<li>Hur hj\u00e4lper vi \u00e4ldre eller grannar om v\u00e4garna blir sv\u00e5ra att anv\u00e4nda?<\/li>\n\n\n\n<li>Hur f\u00e5r vi information om mobiln\u00e4t och el p\u00e5verkas?<\/li>\n<\/ul>\n\n\n\n<p class=\"wp-block-paragraph\">Flera grupper betonade ocks\u00e5 betydelsen av lokal samverkan och grannkontakter. Beredskap handlar inte bara om utrustning och f\u00f6rr\u00e5d hemma, utan ocks\u00e5 om relationer, kunskap och att k\u00e4nna m\u00e4nniskorna omkring sig.<\/p>\n\n\n\n<figure class=\"wp-block-image size-large\"><img loading=\"lazy\" decoding=\"async\" width=\"1024\" height=\"771\" src=\"https:\/\/bottnafjordenssamhallsforening.se\/beresam\/wp-content\/uploads\/2026\/05\/PXL_20260510_142740906-1024x771.jpg\" alt=\"\" class=\"wp-image-354\" srcset=\"https:\/\/bottnafjordenssamhallsforening.se\/beresam\/wp-content\/uploads\/2026\/05\/PXL_20260510_142740906-1024x771.jpg 1024w, https:\/\/bottnafjordenssamhallsforening.se\/beresam\/wp-content\/uploads\/2026\/05\/PXL_20260510_142740906-300x226.jpg 300w, https:\/\/bottnafjordenssamhallsforening.se\/beresam\/wp-content\/uploads\/2026\/05\/PXL_20260510_142740906-768x578.jpg 768w, https:\/\/bottnafjordenssamhallsforening.se\/beresam\/wp-content\/uploads\/2026\/05\/PXL_20260510_142740906-1536x1157.jpg 1536w, https:\/\/bottnafjordenssamhallsforening.se\/beresam\/wp-content\/uploads\/2026\/05\/PXL_20260510_142740906-2048x1542.jpg 2048w\" sizes=\"auto, (max-width: 1024px) 100vw, 1024px\" \/><\/figure>\n\n\n\n<p class=\"wp-block-paragraph\">Tr\u00e4ffen gav m\u00e5nga konkreta id\u00e9er, fr\u00e5gor och perspektiv som kommer tas vidare i projektets fortsatta arbete kring lokal beredskap och resiliens.<\/p>\n\n\n\n<p class=\"wp-block-paragraph\">Vi kommer ocks\u00e5 l\u00e4ngre fram att publicera ett f\u00f6rdjupande samtal med Konrad Gustafsson Herrg\u00e5rd i podden <em>Mellan oss kring Bottnafjorden<\/em>, d\u00e4r vi forts\u00e4tter utforska fr\u00e5gor om hush\u00e5llsberedskap, resiliens, lokalsamh\u00e4llets betydelse, livsmedelsproduktion och -f\u00f6rs\u00f6rjning, vatten med mycket mera. F\u00f6lj med p\u00e5 hemsidan f\u00f6r mer information om podden. <\/p>\n","protected":false},"excerpt":{"rendered":"<p>Den 10 maj genomf\u00f6rde BeReSam den f\u00f6rsta tr\u00e4ffen i v\u00e5r serie om beredskap och resiliens, med fokus p\u00e5 hush\u00e5llsniv\u00e5n. Tr\u00e4ffen h\u00f6lls i Bovallstrands f\u00f6rsamlingshem och 25 personer deltog. Tr\u00e4ffen inleddes med att Konrad Gustafsson Herrg\u00e5rd presenterade sin studie om hush\u00e5llsberedskap och resiliens i Bottnafjordsomr\u00e5det. Studien utg\u00e5r fr\u00e5n ett scenario d\u00e4r hush\u00e5ll under en l\u00e4ngre period [&hellip;]<\/p>\n","protected":false},"author":2,"featured_media":356,"comment_status":"closed","ping_status":"","sticky":false,"template":"","format":"standard","meta":{"footnotes":""},"categories":[1],"tags":[],"class_list":["post-353","post","type-post","status-publish","format-standard","has-post-thumbnail","hentry","category-okategoriserade"],"_links":{"self":[{"href":"https:\/\/bottnafjordenssamhallsforening.se\/beresam\/wp-json\/wp\/v2\/posts\/353","targetHints":{"allow":["GET"]}}],"collection":[{"href":"https:\/\/bottnafjordenssamhallsforening.se\/beresam\/wp-json\/wp\/v2\/posts"}],"about":[{"href":"https:\/\/bottnafjordenssamhallsforening.se\/beresam\/wp-json\/wp\/v2\/types\/post"}],"author":[{"embeddable":true,"href":"https:\/\/bottnafjordenssamhallsforening.se\/beresam\/wp-json\/wp\/v2\/users\/2"}],"replies":[{"embeddable":true,"href":"https:\/\/bottnafjordenssamhallsforening.se\/beresam\/wp-json\/wp\/v2\/comments?post=353"}],"version-history":[{"count":6,"href":"https:\/\/bottnafjordenssamhallsforening.se\/beresam\/wp-json\/wp\/v2\/posts\/353\/revisions"}],"predecessor-version":[{"id":367,"href":"https:\/\/bottnafjordenssamhallsforening.se\/beresam\/wp-json\/wp\/v2\/posts\/353\/revisions\/367"}],"wp:featuredmedia":[{"embeddable":true,"href":"https:\/\/bottnafjordenssamhallsforening.se\/beresam\/wp-json\/wp\/v2\/media\/356"}],"wp:attachment":[{"href":"https:\/\/bottnafjordenssamhallsforening.se\/beresam\/wp-json\/wp\/v2\/media?parent=353"}],"wp:term":[{"taxonomy":"category","embeddable":true,"href":"https:\/\/bottnafjordenssamhallsforening.se\/beresam\/wp-json\/wp\/v2\/categories?post=353"},{"taxonomy":"post_tag","embeddable":true,"href":"https:\/\/bottnafjordenssamhallsforening.se\/beresam\/wp-json\/wp\/v2\/tags?post=353"}],"curies":[{"name":"wp","href":"https:\/\/api.w.org\/{rel}","templated":true}]}}