{"id":280,"date":"2026-04-29T14:46:40","date_gmt":"2026-04-29T12:46:40","guid":{"rendered":"https:\/\/bottnafjordenssamhallsforening.se\/beresam\/?p=280"},"modified":"2026-04-29T14:55:37","modified_gmt":"2026-04-29T12:55:37","slug":"10-maj-hur-klarar-vi-oss-hemma-vid-kris","status":"publish","type":"post","link":"https:\/\/bottnafjordenssamhallsforening.se\/beresam\/10-maj-hur-klarar-vi-oss-hemma-vid-kris\/","title":{"rendered":"10 maj \u2013 Hur klarar vi oss hemma vid kris?"},"content":{"rendered":"\n<figure class=\"wp-block-video\"><video height=\"1920\" style=\"aspect-ratio: 1080 \/ 1920;\" width=\"1080\" controls src=\"https:\/\/bottnafjordenssamhallsforening.se\/beresam\/wp-content\/uploads\/2026\/04\/Kopia-av-Instagram-story-for-10-maj-1.mp4\"><\/video><\/figure>\n\n\n\n<p class=\"wp-block-paragraph\">Nu tar vi n\u00e4sta steg \u2013 fr\u00e5n kartl\u00e4ggning till handling.<\/p>\n\n\n\n<p class=\"wp-block-paragraph\">F\u00f6rst ut \u00e4r en tr\u00e4ff om hush\u00e5llets beredskap:<\/p>\n\n\n\n<p class=\"wp-block-paragraph\">\ud83c\udfa4 H\u00f6r Konrad ber\u00e4tta om sin studie om hur hush\u00e5ll p\u00e5verkas vid kris \u2013 och vad som faktiskt g\u00f6r skillnad i praktiken.<\/p>\n\n\n\n<p class=\"wp-block-paragraph\">Vi pratar ocks\u00e5 om vad vi sj\u00e4lva kan g\u00f6ra f\u00f6r att st\u00e5 b\u00e4ttre rustade.<\/p>\n\n\n\n<p class=\"wp-block-paragraph\">\ud83d\udcc5 10 maj<br>\u23f0 16.00\u201318.00<br>\ud83d\udccd Bovallstrands f\u00f6rsamlingshem<\/p>\n\n\n\n<p class=\"wp-block-paragraph\">Alla \u00e4r varmt v\u00e4lkomna \u2013 ta g\u00e4rna med en v\u00e4n, granne eller kollega!<\/p>\n\n\n\n<p class=\"wp-block-paragraph\">Anm\u00e4l dig h\u00e4r: <a href=\"https:\/\/forms.gle\/vjEGtr5ruRv1nxhHA\" target=\"_blank\" rel=\"noreferrer noopener\">Anm\u00e4lningsformul\u00e4r<\/a><\/p>\n\n\n\n<p class=\"wp-block-paragraph\"><\/p>\n","protected":false},"excerpt":{"rendered":"<p>Nu tar vi n\u00e4sta steg \u2013 fr\u00e5n kartl\u00e4ggning till handling. F\u00f6rst ut \u00e4r en tr\u00e4ff om hush\u00e5llets beredskap: \ud83c\udfa4 H\u00f6r Konrad ber\u00e4tta om sin studie om hur hush\u00e5ll p\u00e5verkas vid kris \u2013 och vad som faktiskt g\u00f6r skillnad i praktiken. Vi pratar ocks\u00e5 om vad vi sj\u00e4lva kan g\u00f6ra f\u00f6r att st\u00e5 b\u00e4ttre rustade. \ud83d\udcc5 [&hellip;]<\/p>\n","protected":false},"author":2,"featured_media":283,"comment_status":"closed","ping_status":"","sticky":false,"template":"","format":"standard","meta":{"footnotes":""},"categories":[1],"tags":[],"class_list":["post-280","post","type-post","status-publish","format-standard","has-post-thumbnail","hentry","category-okategoriserade"],"_links":{"self":[{"href":"https:\/\/bottnafjordenssamhallsforening.se\/beresam\/wp-json\/wp\/v2\/posts\/280","targetHints":{"allow":["GET"]}}],"collection":[{"href":"https:\/\/bottnafjordenssamhallsforening.se\/beresam\/wp-json\/wp\/v2\/posts"}],"about":[{"href":"https:\/\/bottnafjordenssamhallsforening.se\/beresam\/wp-json\/wp\/v2\/types\/post"}],"author":[{"embeddable":true,"href":"https:\/\/bottnafjordenssamhallsforening.se\/beresam\/wp-json\/wp\/v2\/users\/2"}],"replies":[{"embeddable":true,"href":"https:\/\/bottnafjordenssamhallsforening.se\/beresam\/wp-json\/wp\/v2\/comments?post=280"}],"version-history":[{"count":2,"href":"https:\/\/bottnafjordenssamhallsforening.se\/beresam\/wp-json\/wp\/v2\/posts\/280\/revisions"}],"predecessor-version":[{"id":284,"href":"https:\/\/bottnafjordenssamhallsforening.se\/beresam\/wp-json\/wp\/v2\/posts\/280\/revisions\/284"}],"wp:featuredmedia":[{"embeddable":true,"href":"https:\/\/bottnafjordenssamhallsforening.se\/beresam\/wp-json\/wp\/v2\/media\/283"}],"wp:attachment":[{"href":"https:\/\/bottnafjordenssamhallsforening.se\/beresam\/wp-json\/wp\/v2\/media?parent=280"}],"wp:term":[{"taxonomy":"category","embeddable":true,"href":"https:\/\/bottnafjordenssamhallsforening.se\/beresam\/wp-json\/wp\/v2\/categories?post=280"},{"taxonomy":"post_tag","embeddable":true,"href":"https:\/\/bottnafjordenssamhallsforening.se\/beresam\/wp-json\/wp\/v2\/tags?post=280"}],"curies":[{"name":"wp","href":"https:\/\/api.w.org\/{rel}","templated":true}]}}