{"id":274,"date":"2026-04-28T09:13:33","date_gmt":"2026-04-28T07:13:33","guid":{"rendered":"https:\/\/bottnafjordenssamhallsforening.se\/beresam\/?p=274"},"modified":"2026-05-09T12:01:00","modified_gmt":"2026-05-09T10:01:00","slug":"fran-kartlaggning-till-handling-nasta-steg-i-beresam","status":"publish","type":"post","link":"https:\/\/bottnafjordenssamhallsforening.se\/beresam\/fran-kartlaggning-till-handling-nasta-steg-i-beresam\/","title":{"rendered":"Fr\u00e5n kartl\u00e4ggning till handling \u2013 kommande tr\u00e4ffar + Anm\u00e4l deltagande"},"content":{"rendered":"\n<p class=\"wp-block-paragraph\">Under v\u00e5ren har \u00f6ver 60 personer i Bottnafjordsomr\u00e5det varit med och bidragit till kartl\u00e4ggningen \u2013 genom att dela kunskap, erfarenheter och perspektiv, och genom att m\u00f6tas i samtal med andra i bygden.<\/p>\n\n\n\n<figure class=\"wp-block-image size-full\"><img loading=\"lazy\" decoding=\"async\" width=\"851\" height=\"315\" src=\"https:\/\/bottnafjordenssamhallsforening.se\/beresam\/wp-content\/uploads\/2026\/04\/Barfendal.jpg\" alt=\"\" class=\"wp-image-278\" srcset=\"https:\/\/bottnafjordenssamhallsforening.se\/beresam\/wp-content\/uploads\/2026\/04\/Barfendal.jpg 851w, https:\/\/bottnafjordenssamhallsforening.se\/beresam\/wp-content\/uploads\/2026\/04\/Barfendal-300x111.jpg 300w, https:\/\/bottnafjordenssamhallsforening.se\/beresam\/wp-content\/uploads\/2026\/04\/Barfendal-768x284.jpg 768w\" sizes=\"auto, (max-width: 851px) 100vw, 851px\" \/><\/figure>\n\n\n\n<p class=\"wp-block-paragraph\">Tillsammans b\u00f6rjar vi bygga en gemensam bild av v\u00e5ra resurser, s\u00e5rbarheter och m\u00f6jligheter \u2013 s\u00e4rskilt kring vatten och livsmedelsf\u00f6rs\u00f6rjning. Det \u00e4r ett arbete som inte hade varit m\u00f6jligt utan det engagemang, den \u00f6ppenhet och den lokala kunskap som s\u00e5 m\u00e5nga har bidragit med.<\/p>\n\n\n\n<p class=\"wp-block-paragraph\">Det h\u00e4r \u00e4r en viktig grund i projektet Bottnafjorden BeReSam \u2013 Beredskap, Resiliens och Samverkan, d\u00e4r m\u00e5let \u00e4r att st\u00e4rka v\u00e5r gemensamma f\u00f6rm\u00e5ga att m\u00f6ta kriser och f\u00f6r\u00e4ndringar.<\/p>\n\n\n\n<p class=\"wp-block-paragraph\">Nu tar vi n\u00e4sta steg: fr\u00e5n kartl\u00e4ggning till handling.<\/p>\n\n\n\n<p class=\"wp-block-paragraph\">Under v\u00e5ren och h\u00f6sten bjuder vi in till tre tr\u00e4ffar d\u00e4r vi f\u00f6rdjupar oss i beredskap p\u00e5 olika niv\u00e5er \u2013 fr\u00e5n det egna hush\u00e5llet till hela samh\u00e4llet.<\/p>\n\n\n\n<p class=\"wp-block-paragraph\">Du \u00e4r varmt v\u00e4lkommen att delta, oavsett om du varit med tidigare eller inte. Meddela oss om du vill delta: <a href=\"https:\/\/docs.google.com\/forms\/d\/e\/1FAIpQLSc5As38G7Eq-MhQMl6Tzmd_9RXw2joBcb5u4K00zcp_xueNaA\/viewform\">Till anm\u00e4lningsformul\u00e4ret<\/a><\/p>\n\n\n\n<h5 class=\"wp-block-heading\">10 maj \u2013 Hur klarar vi oss hemma vid kris?<\/h5>\n\n\n\n<p class=\"wp-block-paragraph\"><strong>Tid och plats:<\/strong> 16.00\u201318.00, Bovallstrands f\u00f6rsamlingshem<br><strong>Fokus: Hush\u00e5llsniv\u00e5<\/strong><\/p>\n\n\n\n<p class=\"wp-block-paragraph\">Hur l\u00e4nge klarar vi oss egentligen om elen f\u00f6rsvinner, vattnet sinar eller matleveranser uteblir?<\/p>\n\n\n\n<p class=\"wp-block-paragraph\">Vid den h\u00e4r tr\u00e4ffen f\u00e5r vi ta del av en studie fr\u00e5n Bottnafjordsomr\u00e5det, genomf\u00f6rd 2024 och presenterad av Konrad Gustafsson Herrg\u00e5rd. Studien ger en konkret bild av hur hush\u00e5ll p\u00e5verkas vid olika typer av st\u00f6rningar \u2013 och vad som kan vara avg\u00f6rande f\u00f6r att klara sig b\u00e4ttre.<\/p>\n\n\n\n<p class=\"wp-block-paragraph\">Vi&nbsp;kommer&nbsp;att&nbsp;prata&nbsp;om&nbsp;vad&nbsp;vi&nbsp;sj\u00e4lva&nbsp;kan&nbsp;g\u00f6ra&nbsp;f\u00f6r&nbsp;att&nbsp;st\u00e4rka&nbsp;v\u00e5r&nbsp;egen beredskap&nbsp;i&nbsp;hush\u00e5llet.<\/p>\n\n\n\n<hr class=\"wp-block-separator has-alpha-channel-opacity\"\/>\n\n\n\n<h5 class=\"wp-block-heading\">14 juni \u2013 Hur klarar vi oss tillsammans i bygden?<\/h5>\n\n\n\n<p class=\"wp-block-paragraph\"><strong>Tid och plats:<\/strong> 16.00\u201318.00, Evja Folkets hus<br><strong>Fokus: Lokal niv\u00e5<\/strong><\/p>\n\n\n\n<p class=\"wp-block-paragraph\">H\u00e4r lyfter vi blicken fr\u00e5n det egna hush\u00e5llet till bygden som helhet.<\/p>\n\n\n\n<p class=\"wp-block-paragraph\">Vi presenterar resultat fr\u00e5n kartl\u00e4ggningen och f\u00f6rdjupar samtalet om v\u00e5ra gemensamma resurser \u2013 b\u00e5de det som redan fungerar och det som beh\u00f6ver st\u00e4rkas.<\/p>\n\n\n\n<p class=\"wp-block-paragraph\">Vilka styrkor finns i v\u00e5ra bygder?<br>Var finns s\u00e5rbarheter?<br>Och hur kan vi tillsammans organisera oss och st\u00f6tta varandra i h\u00e4ndelse av kris?<\/p>\n\n\n\n<p class=\"wp-block-paragraph\">Den h\u00e4r tr\u00e4ffen handlar om samverkan, relationer och den lokala handlingskraft som v\u00e4xer fram n\u00e4r vi b\u00f6rjar se oss sj\u00e4lva som en del av ett st\u00f6rre sammanhang.<\/p>\n\n\n\n<hr class=\"wp-block-separator has-alpha-channel-opacity\"\/>\n\n\n\n<h5 class=\"wp-block-heading\">22 september \u2013 Hur arbetar samh\u00e4llet med beredskap?<\/h5>\n\n\n\n<p class=\"wp-block-paragraph\"><strong>Tid och plats:<\/strong> 18.00\u201320.00, Evja Folkets hus<br>(Fika och mingel fr\u00e5n 17.30)<br><strong>Fokus: Samh\u00e4llsniv\u00e5<\/strong><\/p>\n\n\n\n<p class=\"wp-block-paragraph\">Vad h\u00e4nder egentligen p\u00e5 samh\u00e4llsniv\u00e5 n\u00e4r en kris intr\u00e4ffar?<\/p>\n\n\n\n<p class=\"wp-block-paragraph\">Vid den h\u00e4r tr\u00e4ffen f\u00e5r vi m\u00f6ta representanter fr\u00e5n kommunerna som ber\u00e4ttar om sitt arbete med beredskap, vatten och livsmedelsf\u00f6rs\u00f6rjning.<\/p>\n\n\n\n<p class=\"wp-block-paragraph\">Hur planerar samh\u00e4llet inf\u00f6r olika typer av kriser?<br>Vilket ansvar har kommunen \u2013 och vilket ansvar ligger p\u00e5 oss som inv\u00e5nare?<br>Och hur h\u00e4nger den lokala niv\u00e5n ihop med det st\u00f6rre systemet?<\/p>\n\n\n\n<p class=\"wp-block-paragraph\">Det finns ocks\u00e5 gott om utrymme f\u00f6r fr\u00e5gor, samtal och dialog.<\/p>\n\n\n\n<hr class=\"wp-block-separator has-alpha-channel-opacity\"\/>\n\n\n\n<h5 class=\"wp-block-heading\">V\u00e4lkommen att vara med<\/h5>\n\n\n\n<p class=\"wp-block-paragraph\">Tr\u00e4ffarna h\u00e4nger ihop och bildar en helhet \u2013 fr\u00e5n individ till gemenskap till samh\u00e4lle. Tillsammans utforskar vi hur vi kan st\u00e5 b\u00e4ttre rustade, b\u00e5de var f\u00f6r sig och tillsammans.<\/p>\n\n\n\n<p class=\"wp-block-paragraph\">Du beh\u00f6ver inte ha deltagit i tidigare tr\u00e4ffar f\u00f6r att vara med.<\/p>\n\n\n\n<h4 class=\"wp-block-heading\"><strong>Deltagande \u00e4r gratis men anm\u00e4l dig g\u00e4rna i f\u00f6rv\u00e4g s\u00e5 vi kan planera:<\/strong> <a href=\"https:\/\/docs.google.com\/forms\/d\/e\/1FAIpQLSc5As38G7Eq-MhQMl6Tzmd_9RXw2joBcb5u4K00zcp_xueNaA\/viewform\" target=\"_blank\" rel=\"noreferrer noopener\">Anm\u00e4lningsformul\u00e4r<\/a><\/h4>\n","protected":false},"excerpt":{"rendered":"<p>Under v\u00e5ren har \u00f6ver 60 personer i Bottnafjordsomr\u00e5det varit med och bidragit till kartl\u00e4ggningen \u2013 genom att dela kunskap, erfarenheter och perspektiv, och genom att m\u00f6tas i samtal med andra i bygden. Tillsammans b\u00f6rjar vi bygga en gemensam bild av v\u00e5ra resurser, s\u00e5rbarheter och m\u00f6jligheter \u2013 s\u00e4rskilt kring vatten och livsmedelsf\u00f6rs\u00f6rjning. Det \u00e4r ett arbete [&hellip;]<\/p>\n","protected":false},"author":2,"featured_media":275,"comment_status":"closed","ping_status":"","sticky":false,"template":"","format":"standard","meta":{"footnotes":""},"categories":[1],"tags":[],"class_list":["post-274","post","type-post","status-publish","format-standard","has-post-thumbnail","hentry","category-okategoriserade"],"_links":{"self":[{"href":"https:\/\/bottnafjordenssamhallsforening.se\/beresam\/wp-json\/wp\/v2\/posts\/274","targetHints":{"allow":["GET"]}}],"collection":[{"href":"https:\/\/bottnafjordenssamhallsforening.se\/beresam\/wp-json\/wp\/v2\/posts"}],"about":[{"href":"https:\/\/bottnafjordenssamhallsforening.se\/beresam\/wp-json\/wp\/v2\/types\/post"}],"author":[{"embeddable":true,"href":"https:\/\/bottnafjordenssamhallsforening.se\/beresam\/wp-json\/wp\/v2\/users\/2"}],"replies":[{"embeddable":true,"href":"https:\/\/bottnafjordenssamhallsforening.se\/beresam\/wp-json\/wp\/v2\/comments?post=274"}],"version-history":[{"count":10,"href":"https:\/\/bottnafjordenssamhallsforening.se\/beresam\/wp-json\/wp\/v2\/posts\/274\/revisions"}],"predecessor-version":[{"id":321,"href":"https:\/\/bottnafjordenssamhallsforening.se\/beresam\/wp-json\/wp\/v2\/posts\/274\/revisions\/321"}],"wp:featuredmedia":[{"embeddable":true,"href":"https:\/\/bottnafjordenssamhallsforening.se\/beresam\/wp-json\/wp\/v2\/media\/275"}],"wp:attachment":[{"href":"https:\/\/bottnafjordenssamhallsforening.se\/beresam\/wp-json\/wp\/v2\/media?parent=274"}],"wp:term":[{"taxonomy":"category","embeddable":true,"href":"https:\/\/bottnafjordenssamhallsforening.se\/beresam\/wp-json\/wp\/v2\/categories?post=274"},{"taxonomy":"post_tag","embeddable":true,"href":"https:\/\/bottnafjordenssamhallsforening.se\/beresam\/wp-json\/wp\/v2\/tags?post=274"}],"curies":[{"name":"wp","href":"https:\/\/api.w.org\/{rel}","templated":true}]}}