{"id":218,"date":"2026-04-02T10:47:32","date_gmt":"2026-04-02T08:47:32","guid":{"rendered":"https:\/\/bottnafjordenssamhallsforening.se\/beresam\/?p=218"},"modified":"2026-05-09T11:56:14","modified_gmt":"2026-05-09T09:56:14","slug":"kartlaggningen-ar-igang-nasta-steg-tar-form","status":"publish","type":"post","link":"https:\/\/bottnafjordenssamhallsforening.se\/beresam\/kartlaggningen-ar-igang-nasta-steg-tar-form\/","title":{"rendered":"Kartl\u00e4ggningen \u00e4r ig\u00e5ng \u2013 n\u00e4sta steg tar form"},"content":{"rendered":"\n<h4 class=\"wp-block-heading\">Arbetet med att st\u00e4rka den lokala beredskapen runt Bottnafjorden \u00e4r nu i full g\u00e5ng.<\/h4>\n\n\n\n<p class=\"wp-block-paragraph\">Under v\u00e5ren genomf\u00f6r vi en serie kartl\u00e4ggningstr\u00e4ffar d\u00e4r vi tillsammans med boende, f\u00f6reningar och lokala akt\u00f6rer samlar kunskap om v\u00e5ra resurser kopplade till vatten och livsmedel. Genom samtal, kartor och gemensamma reflektioner v\u00e4xer en bild fram av b\u00e5de styrkor, s\u00e5rbarheter och m\u00f6jligheter i omr\u00e5det.<\/p>\n\n\n\n<p class=\"wp-block-paragraph\">Det \u00e4r tydligt att det finns ett stort engagemang och en vilja att bidra \u2013 och att vi har mycket att bygga vidare p\u00e5 tillsammans.<\/p>\n\n\n\n<hr class=\"wp-block-separator has-alpha-channel-opacity\"\/>\n\n\n\n<h4 class=\"wp-block-heading\">Fr\u00e5n kartl\u00e4ggning till handling<\/h4>\n\n\n\n<p class=\"wp-block-paragraph\">Parallellt med kartl\u00e4ggningen bjuder vi in till n\u00e4sta steg i arbetet.<\/p>\n\n\n\n<p class=\"wp-block-paragraph\">Under v\u00e5ren och h\u00f6sten arrangerar vi en serie tr\u00e4ffar d\u00e4r vi f\u00f6rdjupar oss i hur vi kan st\u00e4rka v\u00e5r beredskap \u2013 fr\u00e5n hush\u00e5llsniv\u00e5 till samh\u00e4llsniv\u00e5.<\/p>\n\n\n\n<p class=\"wp-block-paragraph\">Du \u00e4r varmt v\u00e4lkommen att delta, oavsett om du varit med p\u00e5 kartl\u00e4ggningstr\u00e4ffarna eller inte.<\/p>\n\n\n\n<hr class=\"wp-block-separator has-alpha-channel-opacity\"\/>\n\n\n\n<h4 class=\"wp-block-heading\">Kommande tr\u00e4ffar<\/h4>\n\n\n\n<h5 class=\"wp-block-heading\">10 maj \u2013 Hur klarar vi oss hemma vid kris?<\/h5>\n\n\n\n<p class=\"wp-block-paragraph\">Tid och plats: 16.00-18.00, <a href=\"https:\/\/maps.app.goo.gl\/BTrGjz94tyrkJx5Z7\" data-type=\"link\" data-id=\"https:\/\/maps.app.goo.gl\/BTrGjz94tyrkJx5Z7\" target=\"_blank\" rel=\"noreferrer noopener\">Bovallstrands f\u00f6rsamlingshem<\/a><\/p>\n\n\n\n<p class=\"wp-block-paragraph\">Anm\u00e4l g\u00e4rna ditt deltagande s\u00e5 vi kan planera: <a href=\"https:\/\/forms.gle\/5oAJ9QS61tBP8z17A\">anm\u00e4lningsformul\u00e4r<\/a><\/p>\n\n\n\n<p class=\"wp-block-paragraph\"><strong>Fokus: Hush\u00e5llsniv\u00e5<\/strong><br>Vi f\u00e5r ta del av en studie fr\u00e5n 2024 fr\u00e5n Bottnafjordsomr\u00e5det, presenterad av Konrad Gustafsson Herrg\u00e5rd, som unders\u00f6kt hur hush\u00e5ll klarar sig n\u00e4r el, vatten och matf\u00f6rs\u00f6rjning p\u00e5verkas \u2013 och vad som kan vara avg\u00f6rande f\u00f6r att st\u00e5 b\u00e4ttre rustad.<\/p>\n\n\n\n<p class=\"wp-block-paragraph\">Vi kommer ocks\u00e5 att prata om vad som f\u00f6rv\u00e4ntas av oss p\u00e5 hush\u00e5llsniv\u00e5 och samtala om hur vi kan st\u00e4rka v\u00e5r egen beredskap.<\/p>\n\n\n\n<p class=\"wp-block-paragraph\">Klicka p\u00e5 bilden f\u00f6r att komma till studien.<\/p>\n\n\n\n<figure class=\"wp-block-image size-full is-resized\"><a href=\"https:\/\/bottnafjordenssamhallsforening.se\/beresam\/wp-content\/uploads\/2026\/04\/gustafsson-herrgard-k-20240705-1.pdf\" target=\"_blank\" rel=\" noreferrer noopener\"><img loading=\"lazy\" decoding=\"async\" width=\"831\" height=\"892\" src=\"https:\/\/bottnafjordenssamhallsforening.se\/beresam\/wp-content\/uploads\/2026\/04\/Skarmbild-fran-2026-04-02-10-43-04.png\" alt=\"\" class=\"wp-image-221\" style=\"aspect-ratio:0.9316289860346632;width:288px;height:auto\" srcset=\"https:\/\/bottnafjordenssamhallsforening.se\/beresam\/wp-content\/uploads\/2026\/04\/Skarmbild-fran-2026-04-02-10-43-04.png 831w, https:\/\/bottnafjordenssamhallsforening.se\/beresam\/wp-content\/uploads\/2026\/04\/Skarmbild-fran-2026-04-02-10-43-04-279x300.png 279w, https:\/\/bottnafjordenssamhallsforening.se\/beresam\/wp-content\/uploads\/2026\/04\/Skarmbild-fran-2026-04-02-10-43-04-768x824.png 768w\" sizes=\"auto, (max-width: 831px) 100vw, 831px\" \/><\/a><\/figure>\n\n\n\n<hr class=\"wp-block-separator has-alpha-channel-opacity\"\/>\n\n\n\n<h5 class=\"wp-block-heading\">14 juni \u2013 Hur klarar vi oss tillsammans i bygden?<\/h5>\n\n\n\n<p class=\"wp-block-paragraph\"><strong>Tid och plats: <\/strong>16-00-18.00, <a href=\"https:\/\/maps.app.goo.gl\/o8gP2RcuCB8gN7eB9\" data-type=\"link\" data-id=\"https:\/\/maps.app.goo.gl\/o8gP2RcuCB8gN7eB9\" target=\"_blank\" rel=\"noreferrer noopener\">Evja Folkets hus<\/a><\/p>\n\n\n\n<p class=\"wp-block-paragraph\">Anm\u00e4l g\u00e4rna ditt deltagande s\u00e5 vi kan planera: <a href=\"https:\/\/forms.gle\/5oAJ9QS61tBP8z17A\">anm\u00e4lningsformul\u00e4r<\/a><\/p>\n\n\n\n<p class=\"wp-block-paragraph\"><strong>Fokus: Lokal niv\u00e5<\/strong><br>I den h\u00e4r tr\u00e4ffen lyfter vi blicken fr\u00e5n det egna hush\u00e5llet till bygden som helhet. Vi presenterar resultat fr\u00e5n kartl\u00e4ggningen och f\u00f6rdjupar samtalet om v\u00e5ra gemensamma resurser.<\/p>\n\n\n\n<p class=\"wp-block-paragraph\">Vilka styrkor finns redan idag? Var finns s\u00e5rbarheter? Och hur kan vi tillsammans st\u00e4rka v\u00e5r beredskap och samverkan i h\u00e4ndelse av kris?.<\/p>\n\n\n\n<hr class=\"wp-block-separator has-alpha-channel-opacity\"\/>\n\n\n\n<h5 class=\"wp-block-heading\">22 september \u2013 Hur arbetar samh\u00e4llet med beredskap?<\/h5>\n\n\n\n<p class=\"wp-block-paragraph\"><strong>Tid och plats:<\/strong> 18.00\u201320.00, Evja Folkets hus<br>(Fika och mingel fr\u00e5n 17.30)<\/p>\n\n\n\n<p class=\"wp-block-paragraph\">Anm\u00e4l g\u00e4rna ditt deltagande s\u00e5 vi kan planera: <a href=\"https:\/\/forms.gle\/5oAJ9QS61tBP8z17A\">anm\u00e4lningsformul\u00e4r<\/a><\/p>\n\n\n\n<p class=\"wp-block-paragraph\"><br><strong>Fokus: Samh\u00e4llsniv\u00e5<\/strong> <\/p>\n\n\n\n<p class=\"wp-block-paragraph\">Vad h\u00e4nder egentligen p\u00e5 samh\u00e4llsniv\u00e5 n\u00e4r en kris intr\u00e4ffar?<\/p>\n\n\n\n<p class=\"wp-block-paragraph\">Vid den h\u00e4r tr\u00e4ffen f\u00e5r vi m\u00f6ta representanter fr\u00e5n kommunerna som ber\u00e4ttar om sitt arbete med beredskap, vatten och livsmedelsf\u00f6rs\u00f6rjning.<\/p>\n\n\n\n<p class=\"wp-block-paragraph\">Hur planerar samh\u00e4llet inf\u00f6r olika typer av kriser?<br>Vilket ansvar har kommunen \u2013 och vilket ansvar ligger p\u00e5 oss som inv\u00e5nare?<br>Och hur h\u00e4nger den lokala niv\u00e5n ihop med det st\u00f6rre systemet?<\/p>\n\n\n\n<p class=\"wp-block-paragraph\">Det finns ocks\u00e5 gott om utrymme f\u00f6r fr\u00e5gor, samtal och dialog.<\/p>\n\n\n\n<hr class=\"wp-block-separator has-alpha-channel-opacity\"\/>\n\n\n\n<h4 class=\"wp-block-heading\">Det h\u00e4r \u00e4r bara b\u00f6rjan<\/h4>\n\n\n\n<p class=\"wp-block-paragraph\">Under h\u00f6sten forts\u00e4tter arbetet med fler aktiviteter \u2013 till exempel kunskapstr\u00e4ffar, praktiska l\u00f6sningar och hur vi kan organisera oss lokalt.<\/p>\n\n\n\n<p class=\"wp-block-paragraph\">Tillsammans bygger vi kunskap, relationer och strukturer som st\u00e4rker v\u00e5r f\u00f6rm\u00e5ga att hantera b\u00e5de kriser och f\u00f6r\u00e4ndringar \u2013 nu och i framtiden.<\/p>\n","protected":false},"excerpt":{"rendered":"<p>Arbetet med att st\u00e4rka den lokala beredskapen runt Bottnafjorden \u00e4r nu i full g\u00e5ng. Under v\u00e5ren genomf\u00f6r vi en serie kartl\u00e4ggningstr\u00e4ffar d\u00e4r vi tillsammans med boende, f\u00f6reningar och lokala akt\u00f6rer samlar kunskap om v\u00e5ra resurser kopplade till vatten och livsmedel. Genom samtal, kartor och gemensamma reflektioner v\u00e4xer en bild fram av b\u00e5de styrkor, s\u00e5rbarheter och [&hellip;]<\/p>\n","protected":false},"author":2,"featured_media":221,"comment_status":"closed","ping_status":"","sticky":false,"template":"","format":"standard","meta":{"footnotes":""},"categories":[1],"tags":[],"class_list":["post-218","post","type-post","status-publish","format-standard","has-post-thumbnail","hentry","category-okategoriserade"],"_links":{"self":[{"href":"https:\/\/bottnafjordenssamhallsforening.se\/beresam\/wp-json\/wp\/v2\/posts\/218","targetHints":{"allow":["GET"]}}],"collection":[{"href":"https:\/\/bottnafjordenssamhallsforening.se\/beresam\/wp-json\/wp\/v2\/posts"}],"about":[{"href":"https:\/\/bottnafjordenssamhallsforening.se\/beresam\/wp-json\/wp\/v2\/types\/post"}],"author":[{"embeddable":true,"href":"https:\/\/bottnafjordenssamhallsforening.se\/beresam\/wp-json\/wp\/v2\/users\/2"}],"replies":[{"embeddable":true,"href":"https:\/\/bottnafjordenssamhallsforening.se\/beresam\/wp-json\/wp\/v2\/comments?post=218"}],"version-history":[{"count":14,"href":"https:\/\/bottnafjordenssamhallsforening.se\/beresam\/wp-json\/wp\/v2\/posts\/218\/revisions"}],"predecessor-version":[{"id":316,"href":"https:\/\/bottnafjordenssamhallsforening.se\/beresam\/wp-json\/wp\/v2\/posts\/218\/revisions\/316"}],"wp:featuredmedia":[{"embeddable":true,"href":"https:\/\/bottnafjordenssamhallsforening.se\/beresam\/wp-json\/wp\/v2\/media\/221"}],"wp:attachment":[{"href":"https:\/\/bottnafjordenssamhallsforening.se\/beresam\/wp-json\/wp\/v2\/media?parent=218"}],"wp:term":[{"taxonomy":"category","embeddable":true,"href":"https:\/\/bottnafjordenssamhallsforening.se\/beresam\/wp-json\/wp\/v2\/categories?post=218"},{"taxonomy":"post_tag","embeddable":true,"href":"https:\/\/bottnafjordenssamhallsforening.se\/beresam\/wp-json\/wp\/v2\/tags?post=218"}],"curies":[{"name":"wp","href":"https:\/\/api.w.org\/{rel}","templated":true}]}}